{"id":103120,"date":"2025-12-11T18:12:11","date_gmt":"2025-12-11T18:12:11","guid":{"rendered":"https:\/\/www.europesays.com\/se\/103120\/"},"modified":"2025-12-11T18:12:11","modified_gmt":"2025-12-11T18:12:11","slug":"annika-strandhall-om-s-kriminalpolitik-inte-helt-bekvam","status":"publish","type":"post","link":"https:\/\/www.europesays.com\/se\/103120\/","title":{"rendered":"Annika Strandh\u00e4ll om S kriminalpolitik: Inte helt bekv\u00e4m"},"content":{"rendered":"<p>S-toppen Annika Strandh\u00e4ll \u00e4r p\u00e5 v\u00e4g att l\u00e4mna politiken.<\/p>\n<p>Nu riktar hon kritik mot det egna partiet.<\/p>\n<p>\u2013 Det \u00e4r klart att jag inte \u00e4r helt bekv\u00e4m med hur vi uttrycker oss ibland, s\u00e4ger hon i \u201dViktor m\u00f6ter\u201d med Viktor Barth-Kron.<\/p>\n<p><img   alt=\"\"\/><\/p>\n<p>Annika Strandh\u00e4ll \u00e4r ordf\u00f6rande f\u00f6r S-kvinnor.<\/p>\n<p>Foto: OLLE SPORRONG<\/p>\n<p>\u00d6ppna bild i helsk\u00e4rm<img loading=\"lazy\"   alt=\"\"\/><\/p>\n<p>S-ledaren Magdalena Andersson.<\/p>\n<p>Foto: Oscar Olsson\/TT<\/p>\n<p>\u00d6ppna bild i helsk\u00e4rm<img alt=\"\"\/>Ljudklippet gick inte att spela upp<\/p>\n<p>F\u00f6rs\u00f6k igen senare<\/p>\n<p>I somras meddelande <a href=\"https:\/\/www.expressen.se\/tagg\/person\/annika-strandhall\/\" class=\"\" rel=\"nofollow noopener\" target=\"_blank\">Annika Strandh\u00e4ll<\/a>, tidigare S-minister och ordf\u00f6rande f\u00f6r S-kvinnor, att hon l\u00e4mnar politiken efter valet 2026.<\/p>\n<p>\u2013 Det \u00e4r bara att konstatera att under de senaste tio \u00e5ren har hela den politiska debatten f\u00f6rflyttat sig till h\u00f6ger, eller i mer populistiskt eller auktorit\u00e4r riktning. Det p\u00e5verkar naturligtvis \u00e4ven Socialdemokraterna, s\u00e4ger hon i podden.<\/p>\n<p>Ett exempel \u00e4r kriminalpolitiken. Straffen sk\u00e4rps, polisen f\u00e5r tillg\u00e5ng till fler tv\u00e5ngs\u00e5tg\u00e4rder och nya brott inf\u00f6rs.<\/p>\n<p>\u201dInte bekv\u00e4m\u201d<\/p>\n<p>En utveckling som ocks\u00e5 Socialdemokraterna huvudsakligen st\u00e5r bakom, men Annika Strandh\u00e4ll v\u00e4nder sig emot hur debatten f\u00f6rs.<\/p>\n<p>\u2013 Det finns ett rej\u00e4lt samh\u00e4llsproblem i botten som ska l\u00f6sas. \u00c5 andra sidan kanske inte den t\u00e4vlingen i repressiva \u00e5tg\u00e4rder f\u00f6r att komma till r\u00e4tta med kriminaliteten alltid \u00e4r grundad i evidens och forskning.<\/p>\n<p>\u2013 Och det \u00e4r klart att jag inte \u00e4r helt bekv\u00e4m med hur vi retoriskt uttrycker oss ibland.<\/p>\n<p><strong>Vad skulle du vilja att Socialdemokraterna betonade mer?<\/strong><\/p>\n<p>\u2013 Min egen resa har ju grundat sig v\u00e4ldigt mycket i ett engagemang f\u00f6r en \u00f6kad j\u00e4mlikhet. Jag skulle \u00f6nska att vi var mer d\u00e4r, om man nu pratar om orsak och verkan. Mer av sociala investeringar. Och mer investeringar f\u00f6r att skapa full syssels\u00e4ttning och f\u00e5 ner arbetsl\u00f6sheten.<\/p>\n<p><img loading=\"lazy\"   alt=\"\"\/><\/p>\n<p>Annika Strandh\u00e4ll intervjuas av Viktor Barth-Kron i Expressens studio.<\/p>\n<p>Foto: OLLE SPORRONG<\/p>\n<p>\u00d6ppna bild i helsk\u00e4rmSj\u00e4lvkritiken: \u201dL\u00e4xa att g\u00f6ra\u201d<\/p>\n<p>Som ordf\u00f6rande f\u00f6r kvinnof\u00f6rbundet vill hon ocks\u00e5 se att partiet prioriterar j\u00e4mst\u00e4llda l\u00f6ner och pensioner.\u00a0<\/p>\n<p>En anledning till l\u00f6neskillnaderna \u00e4r att kvinnor i st\u00f6rre utstr\u00e4ckning jobbar i l\u00e5gbetalda jobb inom offentlig sektor. Samtidigt har Socialdemokraterna sj\u00e4lva makten \u00f6ver l\u00f6nes\u00e4ttningen i en l\u00e5ng rad kommuner och regioner \u2013 s\u00e5 varf\u00f6r g\u00e5r det s\u00e5 tr\u00f6gt?<\/p>\n<p>Annika Strandh\u00e4ll menar att partiet \u201djobbar stenh\u00e5rt\u201d\u00a0med fr\u00e5gan, men att det finns saker som komplicerar.<\/p>\n<p>\u2013 Jag var sj\u00e4lv fackf\u00f6rbundsordf\u00f6rande n\u00e4r man konkurrensutsatte \u00e4ldreomsorgen. Ett argument var att med fler arbetsgivare skulle l\u00f6nerna bli b\u00e4ttre. S\u00e5 blev inte fallet, i st\u00e4llet hamnade man i en ned\u00e5tg\u00e5ende spiral.<\/p>\n<p>\u2013 D\u00e4remot tycker jag att n\u00e4r vi \u00e4r arbetsgivare har vi en l\u00e4xa att g\u00f6ra, ocks\u00e5 som socialdemokrater. Definitivt s\u00e5.<\/p>\n<p>I intervjun f\u00e5r Strandh\u00e4ll ocks\u00e5 fr\u00e5gor om S-kvinnors kritik mot upprustningen av f\u00f6rsvaret, och ber\u00e4ttar vad hon tycker om partiets omdebatterade medieverksamhet. H\u00f6r hela i spelaren h\u00e4r nedanf\u00f6r!<\/p>\n<p><img alt=\"\"\/>Ljudklippet gick inte att spela upp<\/p>\n<p>F\u00f6rs\u00f6k igen senare<\/p>\n","protected":false},"excerpt":{"rendered":"S-toppen Annika Strandh\u00e4ll \u00e4r p\u00e5 v\u00e4g att l\u00e4mna politiken. Nu riktar hon kritik mot det egna partiet. \u2013&hellip;\n","protected":false},"author":2,"featured_media":103121,"comment_status":"","ping_status":"","sticky":false,"template":"","format":"standard","meta":{"footnotes":""},"categories":[5],"tags":[22,23,26,27,17,21,24,25,28,29,15,3464,16,1458,2451,18,34,583,31,33,32,30,19,152,4347,2057,20],"class_list":{"0":"post-103120","1":"post","2":"type-post","3":"status-publish","4":"format-standard","5":"has-post-thumbnail","7":"category-rubriker","8":"tag-breaking-news","9":"tag-breakingnews","10":"tag-featured-news","11":"tag-featurednews","12":"tag-headlines","13":"tag-huvudnyheter","14":"tag-latest-news","15":"tag-latestnews","16":"tag-main-news","17":"tag-mainnews","18":"tag-news","19":"tag-newsstory-val-2026","20":"tag-nyheter","21":"tag-organization-socialdemokraterna","22":"tag-person-annika-strandhall","23":"tag-rubriker","24":"tag-se","25":"tag-sections-politik","26":"tag-svenska","27":"tag-sverige","28":"tag-sweden","29":"tag-swedish","30":"tag-top-stories","31":"tag-topic-inrikespolitik","32":"tag-topic-jamstalldhet","33":"tag-topic-kriminalpolitik","34":"tag-topstories"},"share_on_mastodon":{"url":"https:\/\/pubeurope.com\/@se\/115702290411023995","error":""},"_links":{"self":[{"href":"https:\/\/www.europesays.com\/se\/wp-json\/wp\/v2\/posts\/103120","targetHints":{"allow":["GET"]}}],"collection":[{"href":"https:\/\/www.europesays.com\/se\/wp-json\/wp\/v2\/posts"}],"about":[{"href":"https:\/\/www.europesays.com\/se\/wp-json\/wp\/v2\/types\/post"}],"author":[{"embeddable":true,"href":"https:\/\/www.europesays.com\/se\/wp-json\/wp\/v2\/users\/2"}],"replies":[{"embeddable":true,"href":"https:\/\/www.europesays.com\/se\/wp-json\/wp\/v2\/comments?post=103120"}],"version-history":[{"count":0,"href":"https:\/\/www.europesays.com\/se\/wp-json\/wp\/v2\/posts\/103120\/revisions"}],"wp:featuredmedia":[{"embeddable":true,"href":"https:\/\/www.europesays.com\/se\/wp-json\/wp\/v2\/media\/103121"}],"wp:attachment":[{"href":"https:\/\/www.europesays.com\/se\/wp-json\/wp\/v2\/media?parent=103120"}],"wp:term":[{"taxonomy":"category","embeddable":true,"href":"https:\/\/www.europesays.com\/se\/wp-json\/wp\/v2\/categories?post=103120"},{"taxonomy":"post_tag","embeddable":true,"href":"https:\/\/www.europesays.com\/se\/wp-json\/wp\/v2\/tags?post=103120"}],"curies":[{"name":"wp","href":"https:\/\/api.w.org\/{rel}","templated":true}]}}