{"id":103150,"date":"2025-12-11T19:18:14","date_gmt":"2025-12-11T19:18:14","guid":{"rendered":"https:\/\/www.europesays.com\/se\/103150\/"},"modified":"2025-12-11T19:18:14","modified_gmt":"2025-12-11T19:18:14","slug":"tack-for-tiden-i-ois-nicklas-barkroth","status":"publish","type":"post","link":"https:\/\/www.europesays.com\/se\/103150\/","title":{"rendered":"Tack f\u00f6r tiden i \u00d6IS, Nicklas B\u00e4rkroth!"},"content":{"rendered":"<p><strong>Efter fyra s\u00e4songer i r\u00f6dbl\u00e5tt l\u00e4mnar Nicklas B\u00e4rkroth f\u00f6reningen i samband med att hans avtal l\u00f6per ut.<\/strong><\/p>\n<p>Nicklas ansl\u00f6t till \u00d6IS inf\u00f6r s\u00e4songen 2022 och har under sina \u00e5r i S\u00e4llskapet gjort 74 framtr\u00e4danden i Superettan och 8 matcher i Svenska Cupen d\u00e4r han bland annat bidragit med 11 m\u00e5l. M\u00e5nga minns s\u00e4kert det magiska cupm\u00e5let mot IF Elfsborg och de avg\u00f6rande inhopp han gjorde under s\u00e4songen, d\u00e5 Nicklas spelade en viktig roll i att f\u00f6ra upp \u00d6IS till Allsvenskan.<\/p>\n<p><strong>Pontus Farnerud | Sportchef \u00d6IS Fotboll<\/strong><\/p>\n<ul class=\"wp-block-list\">\n<li>Med ett stort \u00d6IS-hj\u00e4rta sedan barnsben och en ambition sedan Nicklas kom till \u00d6IS att vara med och ta tillbaka \u00d6IS till Allsvenskan har han under 2025 varit en stor bidragande faktor i avancemanget till Allsvenskan. Trots att han varit skadedrabbad i olika perioder under sin tid i \u00d6IS har han visat ett stort driv av att vara med och hj\u00e4lpa \u00d6IS b\u00e5de p\u00e5 och utanf\u00f6r plan. Vi har haft en bra dialog och i samf\u00f6rst\u00e5nd kommit fram till detta beslut, att avsluta tiden i \u00d6IS med ett allsvenskt avancemang. Vi \u00f6nskar Nicklas lycka till fram\u00f6ver.<\/li>\n<\/ul>\n<p><strong>Nicklas B\u00e4rkroth<\/strong><\/p>\n<ul class=\"wp-block-list\">\n<li>Det k\u00e4nns s\u00e5klart ledsamt att min tid som spelare i v\u00e4rldens finaste klubb \u00e4r \u00f6ver, samtidigt kunde slutet inte varit b\u00e4ttre, att f\u00e5 vara med p\u00e5 denna resan har varit magiskt. D\u00e4r klubben befinner sig nu \u00e4r precis det jag hoppades p\u00e5 och s\u00e5g framf\u00f6r mig den dagen jag skrev p\u00e5. K\u00e4nslan \u00e4r verkligen att jag varit med och f\u00f6rt klubben fram\u00e5t och det kommer f\u00f6r alltid vara en stolthet i mitt hj\u00e4rta. Vi har k\u00e4mpat tillsammans genom tuffa tider och att nu kunna s\u00e4ga att \u00d6IS \u00e4r ett allsvenskt lag igen, det \u00e4r nog det finaste jag kan t\u00e4nka mig.\n<p>Jag \u00e4r tacksam f\u00f6r all uppskattning jag f\u00e5tt genom \u00e5ren av alla m\u00e4nniskor i och runt klubben. Tack till alla lagkamrater, tr\u00e4nare, styrelse och kansli f\u00f6r att det alltid varit ett n\u00f6je att komma in till G\u00e5rden p\u00e5 morgonen. Och till alla supportrar, ni \u00e4r fantastiska och det \u00e4r ni som g\u00f6r klubben. Tack f\u00f6r allt och forts\u00e4tt tro, f\u00f6r detta \u00e4r bara b\u00f6rjan. Vi ses p\u00e5 l\u00e4ktaren<\/p>\n<p>!<\/li>\n<\/ul>\n<p><strong>\u00d6IS Fotboll s\u00e4ger stort tack till Nicklas B\u00e4rkroth f\u00f6r hans insatser i S\u00e4llskapet!<\/strong><\/p>\n<p><img decoding=\"async\"  alt=\"\" data-height=\"1281\" data-id=\"77331\" data-link=\"https:\/\/oisfotboll.se\/?attachment_id=77331\" data-url=\"https:\/\/oisfotboll.se\/wp-content\/uploads\/2025\/12\/IMG_4012-3-1024x641.jpg\" data-width=\"2048\" src=\"https:\/\/www.europesays.com\/se\/wp-content\/uploads\/2025\/12\/IMG_4012-3-1024x641.jpg\" data-amp-layout=\"responsive\"\/><img decoding=\"async\"  alt=\"\" data-height=\"2508\" data-id=\"77353\" data-link=\"https:\/\/oisfotboll.se\/?attachment_id=77353\" data-url=\"https:\/\/oisfotboll.se\/wp-content\/uploads\/2025\/12\/1-819x1024.jpg\" data-width=\"2006\" src=\"https:\/\/i0.wp.com\/oisfotboll.se\/wp-content\/uploads\/2025\/12\/1-819x1024.jpg?ssl=1\" data-amp-layout=\"responsive\"\/><\/p>\n<p>Foto: Oliver Pettersson<\/p>\n","protected":false},"excerpt":{"rendered":"Efter fyra s\u00e4songer i r\u00f6dbl\u00e5tt l\u00e4mnar Nicklas B\u00e4rkroth f\u00f6reningen i samband med att hans avtal l\u00f6per ut. Nicklas&hellip;\n","protected":false},"author":2,"featured_media":103151,"comment_status":"","ping_status":"","sticky":false,"template":"","format":"standard","meta":{"footnotes":""},"categories":[5],"tags":[22,23,26,27,17,21,24,25,28,29,15,16,18,34,31,33,32,30,19,20],"class_list":{"0":"post-103150","1":"post","2":"type-post","3":"status-publish","4":"format-standard","5":"has-post-thumbnail","7":"category-rubriker","8":"tag-breaking-news","9":"tag-breakingnews","10":"tag-featured-news","11":"tag-featurednews","12":"tag-headlines","13":"tag-huvudnyheter","14":"tag-latest-news","15":"tag-latestnews","16":"tag-main-news","17":"tag-mainnews","18":"tag-news","19":"tag-nyheter","20":"tag-rubriker","21":"tag-se","22":"tag-svenska","23":"tag-sverige","24":"tag-sweden","25":"tag-swedish","26":"tag-top-stories","27":"tag-topstories"},"share_on_mastodon":{"url":"https:\/\/pubeurope.com\/@se\/115702550084662858","error":""},"_links":{"self":[{"href":"https:\/\/www.europesays.com\/se\/wp-json\/wp\/v2\/posts\/103150","targetHints":{"allow":["GET"]}}],"collection":[{"href":"https:\/\/www.europesays.com\/se\/wp-json\/wp\/v2\/posts"}],"about":[{"href":"https:\/\/www.europesays.com\/se\/wp-json\/wp\/v2\/types\/post"}],"author":[{"embeddable":true,"href":"https:\/\/www.europesays.com\/se\/wp-json\/wp\/v2\/users\/2"}],"replies":[{"embeddable":true,"href":"https:\/\/www.europesays.com\/se\/wp-json\/wp\/v2\/comments?post=103150"}],"version-history":[{"count":0,"href":"https:\/\/www.europesays.com\/se\/wp-json\/wp\/v2\/posts\/103150\/revisions"}],"wp:featuredmedia":[{"embeddable":true,"href":"https:\/\/www.europesays.com\/se\/wp-json\/wp\/v2\/media\/103151"}],"wp:attachment":[{"href":"https:\/\/www.europesays.com\/se\/wp-json\/wp\/v2\/media?parent=103150"}],"wp:term":[{"taxonomy":"category","embeddable":true,"href":"https:\/\/www.europesays.com\/se\/wp-json\/wp\/v2\/categories?post=103150"},{"taxonomy":"post_tag","embeddable":true,"href":"https:\/\/www.europesays.com\/se\/wp-json\/wp\/v2\/tags?post=103150"}],"curies":[{"name":"wp","href":"https:\/\/api.w.org\/{rel}","templated":true}]}}