{"id":103210,"date":"2025-12-11T20:42:17","date_gmt":"2025-12-11T20:42:17","guid":{"rendered":"https:\/\/www.europesays.com\/se\/103210\/"},"modified":"2025-12-11T20:42:17","modified_gmt":"2025-12-11T20:42:17","slug":"sandra-naslund-snabbast-igen-vintersport","status":"publish","type":"post","link":"https:\/\/www.europesays.com\/se\/103210\/","title":{"rendered":"Sandra N\u00e4slund snabbast \u2013 igen | Vintersport"},"content":{"rendered":"<p>Publicerad 10 dec 2025 kl 13.10Uppdaterad kl 13.32<\/p>\n<p>Den comebackande OS-guldmedalj\u00f6ren Sandra N\u00e4slund visar toppform direkt i v\u00e4rldscupen.<\/p>\n<p>F\u00f6r andra dagen i rad var 29-\u00e5ringen snabbast i skicrosskvalet i Val Thorens.<\/p>\n<p><img   alt=\"\"\/> <\/p>\n<p>Foto: MARK SCHIEFELBEIN \/ AP TT NYHETSBYR\u00c5N<\/p>\n<p>\u00d6ppna bild i helsk\u00e4rm<\/p>\n<p>Tv\u00e5 dagar i rad har det nu k\u00f6rts kval till torsdagens och fredagens skicrossfinaler i Frankrike. B\u00e5da g\u00e5ngerna har <a href=\"https:\/\/www.expressen.se\/tagg\/person\/sandra-naslund\/\" class=\"\" rel=\"nofollow noopener\" target=\"_blank\">Sandra N\u00e4slund<\/a> varit snabbast.<\/p>\n<p>I onsdagens kval var svenskan 52 hundradelar f\u00f6re tyskan Daniela Maier och hela 1,22 sekunder f\u00f6re trean Saskja Lack, Schweiz.\u00a0<\/p>\n<p>Det var i just fjol\u00e5rets v\u00e4rldscuppremi\u00e4r i Val Thorens som N\u00e4slund drabbades av en spricka i skenbenet. F\u00f6rst nu, ett \u00e5r senare, \u00e4r hon tillbaka i skicrossbanan. N\u00e4slund har ett OS-guld och tre VM-guld p\u00e5 meritlistan. Hon har vunnit skicrossens totala v\u00e4rldscup fyra g\u00e5nger.<\/p>\n<p>Linnea Mob\u00e4rg tog den 16:e och sista platsen till fredagens finalt\u00e4vlingar, som inleds med kvartsfinaler.<\/p>\n","protected":false},"excerpt":{"rendered":"Publicerad 10 dec 2025 kl 13.10Uppdaterad kl 13.32 Den comebackande OS-guldmedalj\u00f6ren Sandra N\u00e4slund visar toppform direkt i v\u00e4rldscupen.&hellip;\n","protected":false},"author":2,"featured_media":103211,"comment_status":"","ping_status":"","sticky":false,"template":"","format":"standard","meta":{"footnotes":""},"categories":[68],"tags":[11705,34,1464,111,110,31,33,32,30],"class_list":{"0":"post-103210","1":"post","2":"type-post","3":"status-publish","4":"format-standard","5":"has-post-thumbnail","7":"category-sport","8":"tag-person-sandra-naslund","9":"tag-se","10":"tag-sections-vintersport","11":"tag-sport","12":"tag-sports","13":"tag-svenska","14":"tag-sverige","15":"tag-sweden","16":"tag-swedish"},"share_on_mastodon":{"url":"https:\/\/pubeurope.com\/@se\/115702880268596254","error":""},"_links":{"self":[{"href":"https:\/\/www.europesays.com\/se\/wp-json\/wp\/v2\/posts\/103210","targetHints":{"allow":["GET"]}}],"collection":[{"href":"https:\/\/www.europesays.com\/se\/wp-json\/wp\/v2\/posts"}],"about":[{"href":"https:\/\/www.europesays.com\/se\/wp-json\/wp\/v2\/types\/post"}],"author":[{"embeddable":true,"href":"https:\/\/www.europesays.com\/se\/wp-json\/wp\/v2\/users\/2"}],"replies":[{"embeddable":true,"href":"https:\/\/www.europesays.com\/se\/wp-json\/wp\/v2\/comments?post=103210"}],"version-history":[{"count":0,"href":"https:\/\/www.europesays.com\/se\/wp-json\/wp\/v2\/posts\/103210\/revisions"}],"wp:featuredmedia":[{"embeddable":true,"href":"https:\/\/www.europesays.com\/se\/wp-json\/wp\/v2\/media\/103211"}],"wp:attachment":[{"href":"https:\/\/www.europesays.com\/se\/wp-json\/wp\/v2\/media?parent=103210"}],"wp:term":[{"taxonomy":"category","embeddable":true,"href":"https:\/\/www.europesays.com\/se\/wp-json\/wp\/v2\/categories?post=103210"},{"taxonomy":"post_tag","embeddable":true,"href":"https:\/\/www.europesays.com\/se\/wp-json\/wp\/v2\/tags?post=103210"}],"curies":[{"name":"wp","href":"https:\/\/api.w.org\/{rel}","templated":true}]}}