{"id":103212,"date":"2025-12-11T20:44:08","date_gmt":"2025-12-11T20:44:08","guid":{"rendered":"https:\/\/www.europesays.com\/se\/103212\/"},"modified":"2025-12-11T20:44:08","modified_gmt":"2025-12-11T20:44:08","slug":"operation-bluebird-vill-ateruppliva-twitter","status":"publish","type":"post","link":"https:\/\/www.europesays.com\/se\/103212\/","title":{"rendered":"Operation Bluebird vill \u00e5teruppliva Twitter"},"content":{"rendered":"<p class=\"kicker t20 font-Raleway\" style=\"\">Som en bl\u00e5 f\u00e5gel fenix<\/p>\n<p>    Ett startupf\u00f6retag som kallar sig Operation Bluebird planerar att \u00e5teruppliva varum\u00e4rket Twitter.<\/p>\n<p>Ett f\u00f6retag som kallar sig\u00a0Operation\u00a0Bluebird\u00a0har enligt\u00a0publikationen <a href=\"https:\/\/www.independent.co.uk\/tech\/twitter-relaunch-operation-bluebird-musk-b2882394.html \" target=\"_blank\" rel=\"nofollow noopener\">The Independent<\/a>\u00a0skickat in en ans\u00f6kan till det amerikanska patentverket f\u00f6r att f\u00e5 varum\u00e4rket\u00a0Twitter\u00a0och ordet\u00a0tweet\u00a0bed\u00f6mda som \u00f6vergivna, och vill i s\u00e5 fall starta en ny social medietj\u00e4nst under det gamla namnet.\u00a0<\/p>\n<p>F\u00f6retaget motiverar satsningen med att det ursprungliga varum\u00e4rket\u00a0\u00f6vergetts\u00a0efter att tj\u00e4nsten bytte namn till\u00a0X, och grundarna ser en m\u00f6jlighet att bygga en ny plattform kring det v\u00e4lk\u00e4nda namnet.\u00a0<\/p>\n<p>P\u00e5 webbplatsen\u00a0<a href=\"https:\/\/www.twitter.new\/ \" target=\"_blank\" rel=\"nofollow noopener\">twitter.new<\/a>\u00a0g\u00e5r det att reservera anv\u00e4ndarnamn f\u00f6r en framtida tj\u00e4nst, och sidan inneh\u00e5ller ett formul\u00e4r d\u00e4r intresserade kan beg\u00e4ra ett specifikt\u00a0handle\u00a0genom att ange namn, e\u2011post och land. Webbplatsen beskriver projektet som en \u00e5terstart av den tidigare plattformen och uppmanar anv\u00e4ndare att \u201cMake the\u00a0first\u00a0move\u201d genom att beg\u00e4ra sina \u00f6nskade kontonamn, samtidigt som den tydligt anger att\u00a0Operation\u00a0Bluebird\u00a0inte \u00e4r knutet till X\u00a0Corp\u00a0eller Twitter,\u00a0Inc.\u00a0<\/p>\n","protected":false},"excerpt":{"rendered":"Som en bl\u00e5 f\u00e5gel fenix Ett startupf\u00f6retag som kallar sig Operation Bluebird planerar att \u00e5teruppliva varum\u00e4rket Twitter. Ett&hellip;\n","protected":false},"author":2,"featured_media":103213,"comment_status":"","ping_status":"","sticky":false,"template":"","format":"standard","meta":{"footnotes":""},"categories":[66],"tags":[80,78,79,34,31,33,32,30,81,84,83,82],"class_list":{"0":"post-103212","1":"post","2":"type-post","3":"status-publish","4":"format-standard","5":"has-post-thumbnail","7":"category-vetenskap-och-teknik","8":"tag-science","9":"tag-science-and-technology","10":"tag-scienceandtechnology","11":"tag-se","12":"tag-svenska","13":"tag-sverige","14":"tag-sweden","15":"tag-swedish","16":"tag-technology","17":"tag-teknik","18":"tag-vetenskap","19":"tag-vetenskapteknik"},"share_on_mastodon":{"url":"https:\/\/pubeurope.com\/@se\/115702888078328072","error":""},"_links":{"self":[{"href":"https:\/\/www.europesays.com\/se\/wp-json\/wp\/v2\/posts\/103212","targetHints":{"allow":["GET"]}}],"collection":[{"href":"https:\/\/www.europesays.com\/se\/wp-json\/wp\/v2\/posts"}],"about":[{"href":"https:\/\/www.europesays.com\/se\/wp-json\/wp\/v2\/types\/post"}],"author":[{"embeddable":true,"href":"https:\/\/www.europesays.com\/se\/wp-json\/wp\/v2\/users\/2"}],"replies":[{"embeddable":true,"href":"https:\/\/www.europesays.com\/se\/wp-json\/wp\/v2\/comments?post=103212"}],"version-history":[{"count":0,"href":"https:\/\/www.europesays.com\/se\/wp-json\/wp\/v2\/posts\/103212\/revisions"}],"wp:featuredmedia":[{"embeddable":true,"href":"https:\/\/www.europesays.com\/se\/wp-json\/wp\/v2\/media\/103213"}],"wp:attachment":[{"href":"https:\/\/www.europesays.com\/se\/wp-json\/wp\/v2\/media?parent=103212"}],"wp:term":[{"taxonomy":"category","embeddable":true,"href":"https:\/\/www.europesays.com\/se\/wp-json\/wp\/v2\/categories?post=103212"},{"taxonomy":"post_tag","embeddable":true,"href":"https:\/\/www.europesays.com\/se\/wp-json\/wp\/v2\/tags?post=103212"}],"curies":[{"name":"wp","href":"https:\/\/api.w.org\/{rel}","templated":true}]}}