{"id":103214,"date":"2025-12-11T20:47:23","date_gmt":"2025-12-11T20:47:23","guid":{"rendered":"https:\/\/www.europesays.com\/se\/103214\/"},"modified":"2025-12-11T20:47:23","modified_gmt":"2025-12-11T20:47:23","slug":"beredskap-och-business-as-usual","status":"publish","type":"post","link":"https:\/\/www.europesays.com\/se\/103214\/","title":{"rendered":"Beredskap och business as usual"},"content":{"rendered":"<p>Nyhet11 december 2025<\/p>\n<p class=\"Text_sn_leadText__9Ju4K\">N\u00e4r Ryssland invaderade Ukraina f\u00f6r drygt tre \u00e5r sedan blev det snabbt tydligt hur avg\u00f6rande det \u00e4r att livet kan forts\u00e4tta s\u00e5 normalt som m\u00f6jligt, \u00e4ven under kris. De ukrainska myndigheterna arbetade f\u00f6r att b\u00f6nder skulle kunna s\u00e4lja sitt vete, skolor h\u00e5llas \u00f6ppna och restauranger forts\u00e4tta ta emot g\u00e4ster. Samtidigt st\u00e4rkte familjer, f\u00f6retag och offentliga akt\u00f6rer sin beredskap f\u00f6r ett v\u00e4rre l\u00e4ge.<\/p>\n<p><img alt=\"Johan Dal\u00e9n i kollage med en lagerlokal\" loading=\"lazy\" width=\"1366\" height=\"768\" decoding=\"async\" data-nimg=\"1\" style=\"color:transparent\"   src=\"\/_next\/image?url=https%3A%2F%2Fwww.svensktnaringsliv.se%2Fregioner%2Fblekinge%2F1hotjg_johan-dalen-kollage-lagerlokalpng_1244981.html%2Falternates%2FLANDSCAPE_PH%2FJohan%2520Dal%25C3%25A9n%2520kollage%2520lagerlokal.png&amp;w=3840&amp;q=75\"\/>\u201d\u00c4ven i kriser \u00e4r det marknadsekonomi som levererar b\u00e4st. S\u00e5 vill vi ta ansvar f\u00f6r beredskapen m\u00e5ste vi ge f\u00f6retagen de allra b\u00e4sta f\u00f6ruts\u00e4ttningarna att skapa tillv\u00e4xt och robusthet\u201d, skriver Johan Dal\u00e9n, regionchef, i en kr\u00f6nika. Foto: Stefan Tell och Canva<\/p>\n<p>Motst\u00e5ndskraft stavas just beredskap och business as usual. D\u00e4rf\u00f6r p\u00e5g\u00e5r nu omfattande samarbeten mellan n\u00e4ringslivet, f\u00f6rsvaret, kommuner och staten f\u00f6r att ta fram planer f\u00f6r vad som ska g\u00f6ras, hur och av vem \u2013 om det v\u00e4rsta skulle intr\u00e4ffa. <\/p>\n<p>Att leveranser av el, vatten, varor och tj\u00e4nster forts\u00e4tter \u00e4r allts\u00e5 grundplattan i v\u00e5r beredskap och h\u00e4r \u00e4r ett starkt n\u00e4ringsliv helt n\u00f6dv\u00e4ndigt. F\u00f6r \u00e4ven i kriser \u00e4r det marknadsekonomi som levererar b\u00e4st. S\u00e5 vill vi ta ansvar f\u00f6r beredskapen m\u00e5ste vi ge f\u00f6retagen de allra b\u00e4sta f\u00f6ruts\u00e4ttningarna att skapa tillv\u00e4xt och robusthet. <\/p>\n<p>Och vi m\u00e5ste f\u00f6rbereda oss, helst redan ig\u00e5r, genom att st\u00e4rka beredskapen och genom att skapa b\u00e4ttre villkor f\u00f6r v\u00e4xande f\u00f6retag<\/p>\n<p>Johan Dal\u00e9n, regionchef<\/p>\n<p>\u00c5tta av tio f\u00f6retag vill dessutom v\u00e4xa, men ska detta ske m\u00e5ste villkoren f\u00f6rb\u00e4ttras. Bara regelb\u00f6rdan kostade svenska f\u00f6retag 389 miljarder kronor f\u00f6rra \u00e5ret, enligt Tillv\u00e4xtverket. Pengar som kunde anv\u00e4nts s\u00e5 betydligt b\u00e4ttre. Med b\u00e4ttre villkor f\u00f6r f\u00f6retagande blir ocks\u00e5 ett tillv\u00e4xtm\u00e5l p\u00e5 2,5 procent fullt rimligt, motsvarande 500 miljarder kronor p\u00e5 tio \u00e5r. <\/p>\n<p>S\u00e5 hur ser vi till att f\u00f6retagens grundl\u00e4ggande motst\u00e5ndskraft \u00f6kar? Jo, bland annat genom att korta tillst\u00e5ndsprocesser, minska regelb\u00f6rdan, l\u00f6sa m\u00e5lkonflikter, hantera kompetensbristen och inte minst att se till att energif\u00f6rs\u00f6rjning och infrastruktur fungerar. F\u00f6r utan detta blir b\u00e5de tillv\u00e4xt och god beredskap sv\u00e5ruppn\u00e5eligt. <\/p>\n<p>Under pandemin blev f\u00f6retagens betydelse tydlig, \u00e4ven f\u00f6r dem som annars s\u00e4llan t\u00e4nker p\u00e5 vilka som b\u00e4r upp samh\u00e4llet. F\u00f6rtroendet f\u00f6r n\u00e4ringslivet \u00f6kade n\u00e4r man s\u00e5g hur de h\u00f6ll ig\u00e5ng samh\u00e4llsviktig verksamhet och tog ansvar f\u00f6r sina medarbetare. Det visade vilken omst\u00e4llningskraft och kreativitet som finns hos de svenska f\u00f6retagen. Nyheter f\u00f6r vissa, v\u00e4lk\u00e4nt f\u00f6r andra. <\/p>\n<p>Samma sak kommer att g\u00e4lla om, Gud f\u00f6rbjude, kriget kommer. D\u00e5 g\u00e4ller det att komma ih\u00e5g vad som \u00e4r viktigast och skydda det. Och vi m\u00e5ste f\u00f6rbereda oss, helst redan ig\u00e5r, genom att st\u00e4rka beredskapen och genom att skapa b\u00e4ttre villkor f\u00f6r v\u00e4xande f\u00f6retag.<\/p>\n<p>F\u00f6r tillsammans \u2013 det offentliga, f\u00f6rsvaret, civilsamh\u00e4llet och n\u00e4ringslivet \u2013 ser vi till att Sverige klarar ocks\u00e5 framtida kriser. Att v\u00e4rna n\u00e4ringslivet och marknadsekonomin \u00e4r helt enkelt att v\u00e4rna s\u00e4kerheten. Business as usual, fast p\u00e5 nya s\u00e4tt.<\/p>\n<p>Eller som jag alltid brukar s\u00e4ga \u201dska det g\u00e5 bra f\u00f6r Sverige m\u00e5ste det g\u00e5 bra f\u00f6r svenska f\u00f6retag\u201d. Och detta, mina v\u00e4nner, \u00e4r att ta ansvar. <\/p>\n<p><strong>Johan Dal\u00e9n<\/strong><br \/>regionchef Svenskt N\u00e4ringsliv Blekinge<\/p>\n","protected":false},"excerpt":{"rendered":"Nyhet11 december 2025 N\u00e4r Ryssland invaderade Ukraina f\u00f6r drygt tre \u00e5r sedan blev det snabbt tydligt hur avg\u00f6rande&hellip;\n","protected":false},"author":2,"featured_media":103215,"comment_status":"","ping_status":"","sticky":false,"template":"","format":"standard","meta":{"footnotes":""},"categories":[12],"tags":[22,23,26,27,17,21,24,25,28,29,15,16,18,34,31,33,32,30,19,20],"class_list":{"0":"post-103214","1":"post","2":"type-post","3":"status-publish","4":"format-standard","5":"has-post-thumbnail","7":"category-sverige","8":"tag-breaking-news","9":"tag-breakingnews","10":"tag-featured-news","11":"tag-featurednews","12":"tag-headlines","13":"tag-huvudnyheter","14":"tag-latest-news","15":"tag-latestnews","16":"tag-main-news","17":"tag-mainnews","18":"tag-news","19":"tag-nyheter","20":"tag-rubriker","21":"tag-se","22":"tag-svenska","23":"tag-sverige","24":"tag-sweden","25":"tag-swedish","26":"tag-top-stories","27":"tag-topstories"},"share_on_mastodon":{"url":"https:\/\/pubeurope.com\/@se\/115702900290690376","error":""},"_links":{"self":[{"href":"https:\/\/www.europesays.com\/se\/wp-json\/wp\/v2\/posts\/103214","targetHints":{"allow":["GET"]}}],"collection":[{"href":"https:\/\/www.europesays.com\/se\/wp-json\/wp\/v2\/posts"}],"about":[{"href":"https:\/\/www.europesays.com\/se\/wp-json\/wp\/v2\/types\/post"}],"author":[{"embeddable":true,"href":"https:\/\/www.europesays.com\/se\/wp-json\/wp\/v2\/users\/2"}],"replies":[{"embeddable":true,"href":"https:\/\/www.europesays.com\/se\/wp-json\/wp\/v2\/comments?post=103214"}],"version-history":[{"count":0,"href":"https:\/\/www.europesays.com\/se\/wp-json\/wp\/v2\/posts\/103214\/revisions"}],"wp:featuredmedia":[{"embeddable":true,"href":"https:\/\/www.europesays.com\/se\/wp-json\/wp\/v2\/media\/103215"}],"wp:attachment":[{"href":"https:\/\/www.europesays.com\/se\/wp-json\/wp\/v2\/media?parent=103214"}],"wp:term":[{"taxonomy":"category","embeddable":true,"href":"https:\/\/www.europesays.com\/se\/wp-json\/wp\/v2\/categories?post=103214"},{"taxonomy":"post_tag","embeddable":true,"href":"https:\/\/www.europesays.com\/se\/wp-json\/wp\/v2\/tags?post=103214"}],"curies":[{"name":"wp","href":"https:\/\/api.w.org\/{rel}","templated":true}]}}