{"id":103216,"date":"2025-12-11T20:48:18","date_gmt":"2025-12-11T20:48:18","guid":{"rendered":"https:\/\/www.europesays.com\/se\/103216\/"},"modified":"2025-12-11T20:48:18","modified_gmt":"2025-12-11T20:48:18","slug":"han-vinner-hostsasongen-av-robinson-2025-friar-i-tv4","status":"publish","type":"post","link":"https:\/\/www.europesays.com\/se\/103216\/","title":{"rendered":"Han vinner h\u00f6sts\u00e4songen av \u201dRobinson\u201d 2025 \u2013 friar i TV4"},"content":{"rendered":"<p>En halv miljon kronor rikare \u2022 SPOILERVARNING <a data-test-tag=\"internal-link\" href=\"https:\/\/www.aftonbladet.se\/av\/linnea-soderberg\" class=\"hyperion-css-13ns1rr\" rel=\"nofollow noopener\" target=\"\" aria-label=\"Se alla artiklar av Linnea S\u00f6derberg\"><img decoding=\"async\" class=\"image-asset hyperion-css-n6kkq1\" data-test-tag=\"image-asset\" src=\"https:\/\/www.europesays.com\/se\/wp-content\/uploads\/2025\/12\/1765486088_898_d8c2d315-56c1-4c94-b8c7-b46037e9adbb\"  alt=\"\"  loading=\"lazy\" fetchpriority=\"auto\" style=\"aspect-ratio:1900 \/ 1900\"\/><\/a><\/p>\n<p class=\"boxtextgrotesk-root_baa6 hyperion-css-7pajle\">Uppdaterad 21.35 | Publicerad 20.59<\/p>\n<p>share-arrowDela<\/p>\n<p>unsaveSpara<\/p>\n<p>Lyssna p\u00e5 artikelnLyssna p\u00e5&#8230;<\/p>\n<p class=\"hyperion-css-1shl3oz\" data-test-tag=\"lead-text\">\u2013 JAG FUCKING VANN ROBINSON! <\/p>\n<p class=\"hyperion-css-1shl3oz\" data-test-tag=\"lead-text\">Det skriker Johan Ekstr\u00f6m n\u00e4r han inser att han tagit hem segern.<\/p>\n<p class=\"hyperion-css-1shl3oz\" data-test-tag=\"lead-text\">Sekunder senare fr\u00e5gar han sin sambo om han vill gifta sig med honom. <\/p>\n<ul class=\"hyperion-css-e9gx76\" data-test-tag=\"list\">\n<li class=\"hyperion-css-1d843yr\">Johan Ekstr\u00f6m vinner h\u00f6sts\u00e4songen av &#8221;Robinson&#8221; 2026 efter en j\u00e4mn kamp i finalen mot Matteo Pasero och Samuel &#8221;Nutti&#8221; Stenman.  <\/li>\n<li class=\"hyperion-css-1d843yr\">Efter segern friar Johan Ekstr\u00f6m till sin sambo Tobias, och de planerar att gifta sig sommaren 2026.  <\/li>\n<li class=\"hyperion-css-1d843yr\">Johan Ekstr\u00f6m beh\u00e5ller en n\u00e4ra relation med flera deltagare fr\u00e5n programmet och uttrycker en \u00f6nskan att delta i &#8221;Robinson&#8221; igen.  <\/li>\n<\/ul>\n<p>L\u00e4s mer<img decoding=\"async\" src=\"https:\/\/www.europesays.com\/se\/wp-content\/uploads\/2025\/12\/67f0a46685cbbf86a56db7f8bd868af4.jpg\" class=\"thumbnail-image_fbfd thumbnail-portrait_fbfd\" alt=\"Veckans snackisar: \u201dOrgasm b\u00e4ttre bakfull\u201d\"\/><\/p>\n<p>Veckans snackisar: \u201dOrgasm b\u00e4ttre bakfull\u201d<\/p>\n<p>3:24<\/p>\n<p class=\"hyperion-css-1v9qo5x\">Euforin och lyckan \u00e4r enorm n\u00e4r <strong>Johan Ekstr\u00f6m<\/strong>, 36, inser att han har vunnit h\u00f6sts\u00e4songen av \u201d<a data-test-tag=\"internal-link\" href=\"https:\/\/www.aftonbladet.se\/tagg\/robinson\" class=\"hyperion-css-15jkft9\" rel=\"nofollow noopener\" target=\"\" aria-label=\"Robinson\" theme=\"entertainment\">Robinson<\/a>\u201d 2026. <\/p>\n<p class=\"hyperion-css-1v9qo5x\"> \u2013 JAG FUCKING VANN \u201dROBINSON\u201d! skriker han. <\/p>\n<p>chevron-leftf\u00f6reg\u00e5ende<\/p>\n<ul class=\"carousel-container-viewport\" style=\"transform:translate3d(0%, 0, 0)\">\n<li class=\"carousel-slide\" style=\"z-index:1;filter:none(1);padding-bottom:67.8421%\"><img decoding=\"async\" class=\"image-asset hyperion-css-u06ts1\" data-test-tag=\"image-asset\" src=\"https:\/\/www.europesays.com\/se\/wp-content\/uploads\/2025\/12\/13999ef8-5256-4eae-b44f-550fd1260c0c\"  alt=\"\"  fetchpriority=\"auto\" style=\"aspect-ratio:1900 \/ 1289\"\/><\/li>\n<li class=\"carousel-slide\" style=\"filter:none(0.3);padding-bottom:67.8421%\"><img decoding=\"async\" class=\"image-asset hyperion-css-u06ts1\" data-test-tag=\"image-asset\" src=\"https:\/\/www.europesays.com\/se\/wp-content\/uploads\/2025\/12\/5ed58671-b74d-48c4-ab10-e1a4f8c6ca98\"  alt=\"\"  fetchpriority=\"auto\" style=\"aspect-ratio:1807 \/ 1076\"\/><\/li>\n<\/ul>\n<p>expand-left<\/p>\n<p>helsk\u00e4rmchevron-rightn\u00e4staJohan Ekstr\u00f6m vinner \u201dRobinson\u201d.<\/p>\n<p>1 \/ 2Foto: TV4. <\/p>\n<p class=\"hyperion-css-1v9qo5x\">I finalen m\u00f6tte han <strong>Matteo Pasero<\/strong>, 23, och <strong>Samuel \u201dNutti\u201d Stenman<\/strong>, 27, i en l\u00e5ng hinderbana som tog flera timmar att genomf\u00f6ra. Det var en j\u00e4mn kamp, men p\u00e5 sluttampen hamnade Johan efter n\u00e4r han skulle g\u00f6ra upp en eld. Trots det lyckades han i det sista momentet komma ikapp och g\u00e5 om, d\u00e5 han byggde ihop sin fackla snabbast. <\/p>\n<p class=\"hyperion-css-1v9qo5x\">\u2013 Jag l\u00e5g s\u00e5 pass efter i elden, s\u00e5 jag trodde att det var k\u00f6rt. S\u00e5 n\u00e4r jag faktiskt vann&#8230; jag var tvungen att s\u00e4ga det f\u00f6r mig sj\u00e4lv. \u201cJohan du har vunnit, du har vunnit\u201d. Jag bara skrek. Jubel. Helt otroligt, s\u00e4ger han till Aftonbladet. <\/p>\n<p>chevron-leftf\u00f6reg\u00e5ende<\/p>\n<ul class=\"carousel-container-viewport\" style=\"transform:translate3d(0%, 0, 0)\">\n<li class=\"carousel-slide\" style=\"z-index:1;filter:none(1);padding-bottom:55.36842%\"><img decoding=\"async\" class=\"image-asset hyperion-css-u06ts1\" data-test-tag=\"image-asset\" src=\"https:\/\/www.europesays.com\/se\/wp-content\/uploads\/2025\/12\/f4685bc3-5b73-4dfd-b183-920296d0112a\"  alt=\"\"  fetchpriority=\"auto\" style=\"aspect-ratio:1900 \/ 1052\"\/><\/li>\n<li class=\"carousel-slide\" style=\"filter:none(0.3);padding-bottom:55.36842%\"><img decoding=\"async\" class=\"image-asset hyperion-css-u06ts1\" data-test-tag=\"image-asset\" src=\"https:\/\/www.europesays.com\/se\/wp-content\/uploads\/2025\/12\/17915e16-5126-457f-9f1c-70781fa8bbde\"  alt=\"\"  fetchpriority=\"auto\" style=\"aspect-ratio:1900 \/ 1044\"\/><\/li>\n<\/ul>\n<p>expand-left<\/p>\n<p>helsk\u00e4rmchevron-rightn\u00e4staJohan Ekstr\u00f6m n\u00e4r han klarat det sista momentet i finalen.<\/p>\n<p>1 \/ 2Foto: TV4. <\/p>\n<p>Johan Ekstr\u00f6m friar i \u201dRobinson\u201d \u2013 gifter sig i sommar <\/p>\n<p class=\"hyperion-css-1v9qo5x\">Under programmets g\u00e5ng har tittarna f\u00e5tt h\u00f6ra <a data-test-tag=\"internal-link\" href=\"https:\/\/www.aftonbladet.se\/nojesbladet\/a\/rPkVPm\/robinson-lonelista-hosten-2025\" class=\"hyperion-css-15jkft9\" rel=\"nofollow noopener\" target=\"\" aria-label=\"Johan \" theme=\"entertainment\">Johan <\/a>prata mycket om sin sambo <strong>Tobias<\/strong>, 36. <\/p>\n<p class=\"hyperion-css-1v9qo5x\">\u2013 Och ett l\u00f6fte \u00e4r ett l\u00f6fte, s\u00e5 Tobias, vill du g\u00f6ra mig den stora \u00e4ran att gifta dig med mig? s\u00e4ger Johan i en synk efter vinsten. <\/p>\n<p>expand-left<\/p>\n<p>helsk\u00e4rm<img decoding=\"async\" class=\"image-asset hyperion-css-u06ts1\" data-test-tag=\"image-asset\" src=\"https:\/\/www.europesays.com\/se\/wp-content\/uploads\/2025\/12\/5625681c-69f6-4368-ba49-77bb7182a6e3\"  alt=\"\"  loading=\"eager\" fetchpriority=\"high\" style=\"aspect-ratio:1900 \/ 1052\"\/> Foto: TV4. <\/p>\n<p class=\"hyperion-css-1v9qo5x\">Johan och Tobias har d\u00e4remot varit f\u00f6rlovade i \u00f6ver tio \u00e5r, men han hade lovat att vinstsumman p\u00e5 en halv miljon kronor skulle g\u00e5 till ett br\u00f6llop om han vann. <\/p>\n<p class=\"hyperion-css-1v9qo5x\">\u2013 Allts\u00e5, det \u00e4r ju en liten scam. Vi har varit f\u00f6rlovade sedan vi var 25, men sedan har livet kommit emellan. Vi har pratat om att gifta oss, men d\u00e5 har vi k\u00f6pt en l\u00e4genhet i st\u00e4llet, och s\u00e5 har vi pratat om det igen, men d\u00e5 blev det ett sommarhus. S\u00e5 l\u00f6ftet nu \u00e4r att det inte finns n\u00e5gra undanflykter. <\/p>\n<p class=\"hyperion-css-1v9qo5x\">Br\u00f6llopet \u00e4r planerat till sommaren 2026 och inbjudningskort skickas ut f\u00f6rst n\u00e4r n\u00e4ra och k\u00e4ra har sett finalen och f\u00e5tt veta att Johan vunnit. <\/p>\n<p class=\"hyperion-css-1v9qo5x\"><strong>Blir det ett stort br\u00f6llop? <\/strong><\/p>\n<p class=\"hyperion-css-1v9qo5x\">\u2013 Inte s\u00e5 stort i antal m\u00e4nniskor men det blir nog lite lyxigt i alla fall. Snarare det. <\/p>\n<p>expand-left<\/p>\n<p>helsk\u00e4rm<img decoding=\"async\" class=\"image-asset hyperion-css-u06ts1\" data-test-tag=\"image-asset\" src=\"https:\/\/www.europesays.com\/se\/wp-content\/uploads\/2025\/12\/8d70d7eb-ce6d-4657-9f35-0b591b2e08f9\"  alt=\"Johan Ekstr\u00f6m med f\u00e4stmannen Tobias. \"  loading=\"eager\" fetchpriority=\"high\" style=\"aspect-ratio:1900 \/ 2533\"\/>Johan Ekstr\u00f6m med f\u00e4stmannen Tobias. Foto: Privat. S\u00e5 \u00e4r \u201dRobinson\u201d-Johans relation till Emma i dag <\/p>\n<p class=\"hyperion-css-1v9qo5x\">Johan umg\u00e5s i dag med flera deltagare fr\u00e5n programmet, bland annat Nutti och Matteo som han m\u00f6tte i finalen. Under s\u00e4songen fick tittarna ocks\u00e5 f\u00f6lja hur Johan och <strong>Emma Sundstedts<\/strong>, 27, relation v\u00e4xte sig allt starkare. I dag \u00e4r de fortsatt tajta. <\/p>\n<p class=\"hyperion-css-1v9qo5x\">\u2013 S\u00e5klart, vi umg\u00e5s v\u00e4ldigt mycket. Och hon har ju varit med p\u00e5 en kant och planerat br\u00f6llopet med tanke p\u00e5 att hon \u00e4r en av f\u00e5 som vetat om att jag har vunnit. <\/p>\n<p class=\"hyperion-css-1v9qo5x\"><strong>Kommer hon ha n\u00e5gon speciell roll p\u00e5 br\u00f6llopet?  <\/strong><\/p>\n<p class=\"hyperion-css-1v9qo5x\">\u2013 \u00c5h, det kommer hon s\u00e4kert. Jag vet inte vad \u00e4n men hon \u00e4r ju amazing p\u00e5 alla s\u00e4tt s\u00e5 hon f\u00e5r v\u00e4l ta varenda roll d\u00e4r. <\/p>\n<p>chevron-leftf\u00f6reg\u00e5ende<\/p>\n<ul class=\"carousel-container-viewport\" style=\"transform:translate3d(0%, 0, 0)\">\n<li class=\"carousel-slide\" style=\"z-index:1;filter:none(1);padding-bottom:65.73684%\"><img decoding=\"async\" class=\"image-asset hyperion-css-u06ts1\" data-test-tag=\"image-asset\" src=\"https:\/\/www.europesays.com\/se\/wp-content\/uploads\/2025\/12\/92a892f9-618c-4efd-a6bc-9eb4d99510b3\"  alt=\"\"  fetchpriority=\"auto\" style=\"aspect-ratio:1900 \/ 1249\"\/><\/li>\n<li class=\"carousel-slide\" style=\"filter:none(0.3);padding-bottom:65.73684%\"><img decoding=\"async\" class=\"image-asset hyperion-css-u06ts1\" data-test-tag=\"image-asset\" src=\"https:\/\/www.europesays.com\/se\/wp-content\/uploads\/2025\/12\/79bb85d5-2d6e-400f-90d7-550bf8ce291d\"  alt=\"\"  fetchpriority=\"auto\" style=\"aspect-ratio:1747 \/ 1087\"\/><\/li>\n<\/ul>\n<p>expand-left<\/p>\n<p>helsk\u00e4rmchevron-rightn\u00e4staJohan kramar om Emma n\u00e4r hon \u00e5kte ut ur \u201dRobinson\u201d tidigare i finalveckan.<\/p>\n<p>1 \/ 2Foto: TV4. <\/p>\n<p class=\"hyperion-css-1v9qo5x\">Johan \u00e4r ett stort fan av \u201dRobinson\u201d och hade som m\u00e5l att vinna genom att spela det sociala spelet, men ganska snabbt blev han \u00f6dmjuk och bytte taktik till att f\u00f6rs\u00f6ka g\u00e5 under radarn. Om han fick chansen hade han g\u00e4rna velat vara med igen. <\/p>\n<p class=\"hyperion-css-1v9qo5x\">\u2013 J\u00e4tteg\u00e4rna, vilket man kanske inte tror n\u00e4r man ser mig p\u00e5 tv. Jag m\u00e5dde ju absolut piss och gr\u00e4t konstant, och saknade Tobias. Men man kommer till s\u00e5dana fantastiska insikter. <\/p>\n<p class=\"hyperion-css-1v9qo5x\"><strong>Vad tar du med dig fr\u00e5n \u00e4ventyret? <\/strong><\/p>\n<p class=\"hyperion-css-1v9qo5x\">\u2013 Det skulle v\u00e4l vara kanske att ha lite mer sj\u00e4lvf\u00f6rtroende, att tro p\u00e5 mig sj\u00e4lv mer. Uppenbarligen kan jag vara i framkant p\u00e5 t\u00e4vlingar. Men det \u00e4r l\u00e4tt f\u00f6r mig att s\u00e4ga nu. <\/p>\n<p>chevron-leftf\u00f6reg\u00e5endechevron-rightn\u00e4staDeltagarna firar \u201dRobinson\u201d-vinnaren.<\/p>\n<p>1 \/ 5Foto: TV4. <\/p>\n<p><img decoding=\"async\" src=\"https:\/\/www.europesays.com\/se\/wp-content\/uploads\/2025\/08\/9add73646127c36e48c4a927b199b7c2.jpg\" class=\"thumbnail-image_fbfd\" alt=\"65. Kronofogden, Sanna Guidetti och Benjamins br\u00f6sth\u00e5r\"\/><\/p>\n<p>65. Kronofogden, Sanna Guidetti och Benjamins br\u00f6sth\u00e5r<\/p>\n<p>38:08<\/p>\n","protected":false},"excerpt":{"rendered":"En halv miljon kronor rikare \u2022 SPOILERVARNING Uppdaterad 21.35 | Publicerad 20.59 share-arrowDela unsaveSpara Lyssna p\u00e5 artikelnLyssna p\u00e5&#8230;&hellip;\n","protected":false},"author":2,"featured_media":103217,"comment_status":"","ping_status":"","sticky":false,"template":"","format":"standard","meta":{"footnotes":""},"categories":[5],"tags":[22,23,26,27,17,21,24,25,28,29,15,16,18,34,31,33,32,30,19,20],"class_list":{"0":"post-103216","1":"post","2":"type-post","3":"status-publish","4":"format-standard","5":"has-post-thumbnail","7":"category-rubriker","8":"tag-breaking-news","9":"tag-breakingnews","10":"tag-featured-news","11":"tag-featurednews","12":"tag-headlines","13":"tag-huvudnyheter","14":"tag-latest-news","15":"tag-latestnews","16":"tag-main-news","17":"tag-mainnews","18":"tag-news","19":"tag-nyheter","20":"tag-rubriker","21":"tag-se","22":"tag-svenska","23":"tag-sverige","24":"tag-sweden","25":"tag-swedish","26":"tag-top-stories","27":"tag-topstories"},"share_on_mastodon":{"url":"https:\/\/pubeurope.com\/@se\/115702904138843151","error":""},"_links":{"self":[{"href":"https:\/\/www.europesays.com\/se\/wp-json\/wp\/v2\/posts\/103216","targetHints":{"allow":["GET"]}}],"collection":[{"href":"https:\/\/www.europesays.com\/se\/wp-json\/wp\/v2\/posts"}],"about":[{"href":"https:\/\/www.europesays.com\/se\/wp-json\/wp\/v2\/types\/post"}],"author":[{"embeddable":true,"href":"https:\/\/www.europesays.com\/se\/wp-json\/wp\/v2\/users\/2"}],"replies":[{"embeddable":true,"href":"https:\/\/www.europesays.com\/se\/wp-json\/wp\/v2\/comments?post=103216"}],"version-history":[{"count":0,"href":"https:\/\/www.europesays.com\/se\/wp-json\/wp\/v2\/posts\/103216\/revisions"}],"wp:featuredmedia":[{"embeddable":true,"href":"https:\/\/www.europesays.com\/se\/wp-json\/wp\/v2\/media\/103217"}],"wp:attachment":[{"href":"https:\/\/www.europesays.com\/se\/wp-json\/wp\/v2\/media?parent=103216"}],"wp:term":[{"taxonomy":"category","embeddable":true,"href":"https:\/\/www.europesays.com\/se\/wp-json\/wp\/v2\/categories?post=103216"},{"taxonomy":"post_tag","embeddable":true,"href":"https:\/\/www.europesays.com\/se\/wp-json\/wp\/v2\/tags?post=103216"}],"curies":[{"name":"wp","href":"https:\/\/api.w.org\/{rel}","templated":true}]}}