{"id":103218,"date":"2025-12-11T20:50:26","date_gmt":"2025-12-11T20:50:26","guid":{"rendered":"https:\/\/www.europesays.com\/se\/103218\/"},"modified":"2025-12-11T20:50:26","modified_gmt":"2025-12-11T20:50:26","slug":"uppgifter-jarnkrok-overens-med-brynas","status":"publish","type":"post","link":"https:\/\/www.europesays.com\/se\/103218\/","title":{"rendered":"Uppgifter: J\u00e4rnkrok \u00f6verens med Bryn\u00e4s"},"content":{"rendered":"<p><strong>Bryn\u00e4s har p\u00e5 senare \u00e5r f\u00e5tt hem spelare som Jakob Silfverberg, Oskar Lindblom, Victor S\u00f6derstr\u00f6m och inte minst Nicklas B\u00e4ckstr\u00f6m.<br \/>Till n\u00e4sta s\u00e4song ser \u00e4nnu en hemv\u00e4ndare ut att \u00e5terv\u00e4nda till SHL-klubben.<br \/>Enligt <a href=\"https:\/\/www.aftonbladet.se\/sportbladet\/hockey\/a\/Pd3nJ6\/avslojar-calle-jarnkrok-och-brynas-overens-atervander?utm_medium=rss\" rel=\"nofollow noopener\" target=\"_blank\">Aftonbladet<\/a> \u00e4r Calle J\u00e4rnkrok muntligt \u00f6verens med Bryn\u00e4s.<\/strong><\/p>\n<p><img loading=\"lazy\" decoding=\"async\" width=\"1024\" height=\"658\" src=\"https:\/\/www.europesays.com\/se\/wp-content\/uploads\/2025\/12\/CJ1210-1024x658.webp.webp\" alt=\"\" class=\"wp-image-335122\"  \/>Calle J\u00e4rnkrok uppges vara muntligt \u00f6verens med Bryn\u00e4s.<br \/><strong>Foto: <\/strong>Alamy (Montage)<\/p>\n<p><a href=\"https:\/\/hockeysverige.se\/spelare\/calle-jarnkrok\/\" rel=\"nofollow noopener\" target=\"_blank\">Calle J\u00e4rnkrok<\/a> l\u00e4mnade Bryn\u00e4s 2013 och har sedan dess samlat p\u00e5 sig \u00f6ver 700 <a href=\"https:\/\/hockeysverige.se\/nhl\/\" rel=\"nofollow noopener\" target=\"_blank\">NHL<\/a>-matcher med Nashville, Seattle, Calgary och Toronto.<\/p>\n<p>Den h\u00e4r s\u00e4songen med <a href=\"https:\/\/hockeysverige.se\/klubb\/toronto-maple-leafs\/\" rel=\"nofollow noopener\" target=\"_blank\">Toronto<\/a> ser ut att bli 34-\u00e5ringens sista i Nordamerika.<\/p>\n<p>Enligt Aftonbladet ska J\u00e4rnkrok vara muntligt \u00f6verens med <a href=\"https:\/\/hockeysverige.se\/klubb\/brynas-if\/\" rel=\"nofollow noopener\" target=\"_blank\">Bryn\u00e4s <\/a>om en \u00e5terkomst till <a href=\"https:\/\/hockeysverige.se\/shl\/\" rel=\"nofollow noopener\" target=\"_blank\">SHL<\/a>-klubben inf\u00f6r n\u00e4sta s\u00e4song. Enligt tidningens k\u00e4llor ska sportchefen Johan Alc\u00e9n sedan en tid tillbaka r\u00e4knat in J\u00e4rnkrok i n\u00e4sta s\u00e4songs lagbygge.<\/p>\n<p>Har skadefyllda s\u00e4songer bakom sig<\/p>\n<p>Aftonbladet skriver att det kommer att bli spel i Bryn\u00e4s n\u00e4sta s\u00e4song s\u00e5 l\u00e4nge J\u00e4rnkroks kropp h\u00e5ller. 34-\u00e5ringen har n\u00e5gra skadefyllda s\u00e4songer bakom sig, d\u00e4r han f\u00f6rra s\u00e4songen opererades f\u00f6r idrottsbr\u00e5ck och bara spelade 19 matcher. S\u00e4songen dessf\u00f6rinnan spelade J\u00e4rnkrok 52 av Torontos 82 grundseriematcher<\/p>\n<p>Bryn\u00e4s har p\u00e5 senare \u00e5r f\u00e5tt hem spelare som Jakob Silfverberg, Oskar Lindblom, Victor S\u00f6derstr\u00f6m och Nicklas B\u00e4ckstr\u00f6m fr\u00e5n Nordamerika och d\u00e4r ser J\u00e4rnkrok ut att bli n\u00e4sta spelare i raden av hemv\u00e4ndare att \u00e5terv\u00e4nda till G\u00e4vlelaget.<\/p>\n<p>Den h\u00e4r s\u00e4songen har J\u00e4rnkrok stundtals varit utanf\u00f6r Torontos laguppst\u00e4llning, d\u00e4r han kommit till spel i 19 av lagets 29 matcher. P\u00e5 dessa matcher har J\u00e4rnkrok noterats f\u00f6r fyra po\u00e4ng (4+0).<\/p>\n<p> Source: <a href=\"https:\/\/www.eliteprospects.com\/player\/6020\/calle-jarnkrok\" target=\"_blank\" rel=\"noopener noreferrer nofollow\">Calle J\u00e4rnkrok<\/a> @ Elite Prospects<\/p>\n","protected":false},"excerpt":{"rendered":"Bryn\u00e4s har p\u00e5 senare \u00e5r f\u00e5tt hem spelare som Jakob Silfverberg, Oskar Lindblom, Victor S\u00f6derstr\u00f6m och inte minst&hellip;\n","protected":false},"author":2,"featured_media":103219,"comment_status":"","ping_status":"","sticky":false,"template":"","format":"standard","meta":{"footnotes":""},"categories":[68],"tags":[247,34,133,134,111,110,31,33,32,30,379],"class_list":{"0":"post-103218","1":"post","2":"type-post","3":"status-publish","4":"format-standard","5":"has-post-thumbnail","7":"category-sport","8":"tag-nhl","9":"tag-se","10":"tag-second-news","11":"tag-shl","12":"tag-sport","13":"tag-sports","14":"tag-svenska","15":"tag-sverige","16":"tag-sweden","17":"tag-swedish","18":"tag-top-article"},"share_on_mastodon":{"url":"https:\/\/pubeurope.com\/@se\/115702911869619885","error":""},"_links":{"self":[{"href":"https:\/\/www.europesays.com\/se\/wp-json\/wp\/v2\/posts\/103218","targetHints":{"allow":["GET"]}}],"collection":[{"href":"https:\/\/www.europesays.com\/se\/wp-json\/wp\/v2\/posts"}],"about":[{"href":"https:\/\/www.europesays.com\/se\/wp-json\/wp\/v2\/types\/post"}],"author":[{"embeddable":true,"href":"https:\/\/www.europesays.com\/se\/wp-json\/wp\/v2\/users\/2"}],"replies":[{"embeddable":true,"href":"https:\/\/www.europesays.com\/se\/wp-json\/wp\/v2\/comments?post=103218"}],"version-history":[{"count":0,"href":"https:\/\/www.europesays.com\/se\/wp-json\/wp\/v2\/posts\/103218\/revisions"}],"wp:featuredmedia":[{"embeddable":true,"href":"https:\/\/www.europesays.com\/se\/wp-json\/wp\/v2\/media\/103219"}],"wp:attachment":[{"href":"https:\/\/www.europesays.com\/se\/wp-json\/wp\/v2\/media?parent=103218"}],"wp:term":[{"taxonomy":"category","embeddable":true,"href":"https:\/\/www.europesays.com\/se\/wp-json\/wp\/v2\/categories?post=103218"},{"taxonomy":"post_tag","embeddable":true,"href":"https:\/\/www.europesays.com\/se\/wp-json\/wp\/v2\/tags?post=103218"}],"curies":[{"name":"wp","href":"https:\/\/api.w.org\/{rel}","templated":true}]}}