{"id":103241,"date":"2025-12-11T21:39:10","date_gmt":"2025-12-11T21:39:10","guid":{"rendered":"https:\/\/www.europesays.com\/se\/103241\/"},"modified":"2025-12-11T21:39:10","modified_gmt":"2025-12-11T21:39:10","slug":"gianni-infantino-har-fel-om-fifa-det-ar-tvartom","status":"publish","type":"post","link":"https:\/\/www.europesays.com\/se\/103241\/","title":{"rendered":"Gianni Infantino har fel om Fifa \u2013 det \u00e4r tv\u00e4rtom"},"content":{"rendered":"<p>Fotbollen har slutat er\u00f6vra v\u00e4rlden.<\/p>\n<p>Nu blir den er\u00f6vrad \u2013 av en v\u00e4rld som verkligen inte gillar Europa.<\/p>\n<p><img   alt=\"\"\/><\/p>\n<p>Donald Trump och Gianni Infantino skakar hand under VM-lottningen.<\/p>\n<p>Foto: BONNIE CASH\/UPI\/SHUTTERSTOCK\/IBL<\/p>\n<p>\u00d6ppna bild i helsk\u00e4rm<\/p>\n<p>Detta \u00e4r en kr\u00f6nika. Analys och st\u00e4llningstaganden \u00e4r skribentens.<\/p>\n<p><img   alt=\"\"\/>Noa Bachner<\/p>\n<p>I mitten av november fick Cristiano Ronaldo r\u00f6tt kort.<\/p>\n<p>Portugals lagkapten smockade till Irlands Dara O\u2019Shea i ansiktet med en armb\u00e5ge. Det var fult och inget snack. Till och med den fundamentalistiska Ronaldo-kulten p\u00e5 internet som kr\u00e4ver att du ska visa respekt f\u00f6r en fucking legend vet innerst inne att det var r\u00f6tt.<\/p>\n<p>M\u00e5nga verkar ha missat vad som h\u00e4nde sen.<\/p>\n<p>Den 40-\u00e5rige skytteligatv\u00e5an fr\u00e5n Roshn Saudi League skulle f\u00e5 tre matchers avst\u00e4ngning.<\/p>\n<p><img loading=\"lazy\"   alt=\"\"\/><\/p>\n<p>Cristiano Ronaldo bes\u00f6kte Vita huset.<\/p>\n<p>Foto: DANIEL TOROK \/ AVALON \/ STELLA PICTURES\/DANIEL TOROK \/ AVALON AVALON<\/p>\n<p>\u00d6ppna bild i helsk\u00e4rm<\/p>\n<p>Sedan bes\u00f6kte han Vita huset i s\u00e4llskap av sin chef, Mohammed Bin Salman, som \u00e4r de facto \u00e4gare av Ronaldos saudiska klubb al-Nassr.\u00a0<\/p>\n<p>P\u00e5 plats var \u00e4ven <a href=\"https:\/\/www.expressen.se\/tagg\/person\/gianni-infantino\/\" class=\"\" rel=\"nofollow noopener\" target=\"_blank\">Gianni Infantino<\/a> och fredsaktivisten Donald Trump.<\/p>\n<p>Sex dagar senare kom beskedet: Tv\u00e5 av Ronaldos matcher skjuts upp till efter VM. Han har aldrig f\u00e5tt r\u00f6tt kort i en landskamp f\u00f6rut, p\u00e5pekade Fifa.<\/p>\n<p>Korruption! Sa du. Jag vet inte. Och helt \u00e4rligt, vem vet n\u00e5gonting l\u00e4ngre? Hur gick det till? Hur gick det till n\u00e4r Saudiarabien fick VM? Varf\u00f6r har Marocko och Qatar tilldelats fem raka U17-m\u00e4sterskap var? Har Infantino l\u00e4mnat tillbaka sin v\u00e4nskapsmedalj till Vladimir Putin?<\/p>\n<p>Varf\u00f6r i hel-ve-te var han med som samlarbild i Panini-albumet vid klubblags-VM?<\/p>\n<blockquote><p>Den nya v\u00e4rlden gillar inte Europa<\/p><\/blockquote>\n<p>Att Fifa fr\u00e4mst bekymrar europ\u00e9er som \u00f6nskar sig n\u00e5got annat \u00e4n att ledas av ett Instagramkonto om personligt maktbeg\u00e4r och slogans om att Fifa \u00e4r \u201dthe official provider of happiness to humanity\u201d \u2013 det \u00e4r inget nytt.<\/p>\n<p>Men situationen som v\u00e4xer fram \u00e4r mycket st\u00f6rre \u00e4n Fifa.<\/p>\n<p>M\u00f6jligheten f\u00f6r v\u00e4rden som transparens, demokrati och anst\u00e4ndighet att f\u00f6rsvaras genom fotbollen har aldrig varit mindre. Id\u00e9erna suddas medvetet ut f\u00f6r att anpassa sporten till en ny v\u00e4rld.<\/p>\n<p>En som styr sporten \u2013 och inte gillar Europa.<\/p>\n<p><img loading=\"lazy\"   alt=\"\"\/> <\/p>\n<p>Foto: DANIEL TOROK \/ AVALON \/ STELLA PICTURES\/DANIEL TOROK \/ AVALON AVALON<\/p>\n<p>\u00d6ppna bild i helsk\u00e4rm<\/p>\n<p>Mest anm\u00e4rkningsv\u00e4rt under fredsprisceremonin (t\u00e4nk att skriva det ordet) under VM-lottningen var hyllningen av Trumps insats f\u00f6r fred mellan Ukraina och Ryssland.<\/p>\n<p>I samma \u00f6gonblick satt den ryska regeringen och sk\u00e5lade. De hade precis l\u00e4st nyutg\u00e5van av USA:s National Security Strategy. \u00c5rets upplaga skiljer sig fr\u00e5n den som kom f\u00f6r tv\u00e5 \u00e5r sedan. Kina omn\u00e4mns inte som ett hot. Inte Ryssland heller, som f\u00e5r v\u00e4ldigt lite utrymme. Nordkorea f\u00f6rekommer inte alls.<\/p>\n<p>Det g\u00f6r d\u00e4remot Europa, som s\u00e5gas mer \u00e4n alla andra platser i v\u00e4rlden.\u00a0<\/p>\n<blockquote><p>USA vill \u00e4ndra p\u00e5 Europa<\/p><\/blockquote>\n<p>Enligt dokumentet t\u00e5gar v\u00e5r kontinent mot \u201dcivilisatorisk utpl\u00e5ning\u201d och ekonomisk h\u00e4rdsm\u00e4lta, lider under ett barbariskt EU-f\u00f6rtryck som underminerar politisk frihet och sj\u00e4lvst\u00e4ndighet. Dessutom har vi bara korn av v\u00e5r yttrandefrihet kvar. Trots det d\u00e4r jag skrev om Ronaldo.<\/p>\n<p>Kremls talesperson Dmitrij Peskov sa det rakt ut n\u00e4r han hade l\u00e4st klart: Bilden st\u00e4mde ju helt \u00f6verens med den ryska.<\/p>\n<p><img loading=\"lazy\"   alt=\"\"\/><\/p>\n<p>Dmitrij Peskov, Kremls talesperson.<\/p>\n<p>Foto: ALEXANDER KAZAKOV \/ AP TT NYHETSBYR\u00c5N<\/p>\n<p>\u00d6ppna bild i helsk\u00e4rm<\/p>\n<p>F\u00f6r USA \u00e4r det prioriterat att \u00e4ndra p\u00e5 Europa, st\u00e5r det ocks\u00e5. Det g\u00e4ller \u00e4ven f\u00f6r Kina och Ryssland och de kungahus, autokratier och illiberala krafter som k\u00e4nner vind i seglen.\u00a0<\/p>\n<p>F\u00f6r att g\u00f6ra det finns en rad verktyg. Ekonomiska och milit\u00e4ra aff\u00e4rer och p\u00e5tryckningar, desinformation, s\u00e5 klart, men ocks\u00e5 mjuk makt.<\/p>\n<p>Annons<\/p>\n<p>D\u00e4r ing\u00e5r inte bara gaming, konst eller tv-bolagen som Trump-familjen, Bin Salman och alla tech-oligarker fyller sina varukorgar med, utan i allra h\u00f6gsta grad \u00e4ven fotboll.<\/p>\n<p>Du kanske har m\u00e4rkt det.<\/p>\n<blockquote><p>M\u00e5ste skapa kraft i den ber\u00e4ttelsen<\/p><\/blockquote>\n<p>I flera decennier har europeisk fotboll l\u00e5tit sig f\u00f6rs\u00f6rjas av pengar fr\u00e5n g\u00e4nget som tycker att Europa \u00e4r ett ursp\u00e5rat vansinnesprojekt: amerikaner, Gulfstaternas kungahus, ryssar och kineser.\u00a0<\/p>\n<p>Tonl\u00e4get mot Europa k\u00e4nns igen.\u00a0<\/p>\n<p>\u201dThey\u2019ve done a horrible job at commercializing the product\u201d, som en amerikansk multiklubbs\u00e4gare, numera \u00e5talad f\u00f6r bedr\u00e4geri, sa h\u00e4r om \u00e5ret. F\u00f6rra \u00e5ret beskrev Manchester Citys \u00e4gare fr\u00e5n Abu Dhabi demokrati som \u201dmajoritetens tyranni\u201d. Och Infantino sparkade ig\u00e5ng VM 2022 med en v\u00e5ldsam attack p\u00e5 Europa.\u00a0<\/p>\n<p><img loading=\"lazy\"   alt=\"\"\/> <\/p>\n<p>Foto: JACQUELYN MARTIN \/ AP TT NYHETSBYR\u00c5N<\/p>\n<p>\u00d6ppna bild i helsk\u00e4rm<\/p>\n<p>Samtidigt \u00e4r beroendet st\u00f6rre \u00e4n n\u00e5gonsin.<\/p>\n<p>Det m\u00e5ste f\u00f6r\u00e4ndras. Europas st\u00f6rsta kulturyttring borde b\u00f6rja betraktats som kritisk infrastruktur, och investerare som geopolitiska akt\u00f6rer.<\/p>\n<p>F\u00f6r att n\u00e5 dit beh\u00f6ver Uefa reformeras.\u00a0<\/p>\n<blockquote><p>Tror att han er\u00f6vrar v\u00e4rlden<\/p><\/blockquote>\n<p>Mer \u00e4n n\u00e5got annat beh\u00f6ver n\u00e5gon skapa kraft i ber\u00e4ttelsen om vad som ska f\u00f6rsvaras.\u00a0<\/p>\n<p>F\u00f6r en tid sedan gjorde <a href=\"https:\/\/www.economist.com\/europe\/2025\/04\/10\/the-thing-about-europe-its-the-actual-land-of-the-free-now\" rel=\"nofollow noopener\" target=\"_blank\">The Economist<\/a> en uppr\u00e4kning av exempel.\u00a0<\/p>\n<p>Den amerikansk-ryska beskrivningen \u00e4r f\u00f6rst\u00e5s kraftigt \u00f6verdriven, skriver de. De allra flesta europ\u00e9er kan s\u00e4ga och t\u00e4nka n\u00e4stan precis vad de vill. Det \u00e4r inte europeiska gr\u00e4nsvakter som scrollar igenom turisters sociala medier p\u00e5 jakt efter kritik mot presidenter. Messiah Hallberg cancelleras inte f\u00f6r att regeringen inte gillar hans sk\u00e4mt. Europ\u00e9er beh\u00f6ver i regel inte g\u00e5 i personlig konkurs f\u00f6r att operera ett kn\u00e4, vet vilka som startade kriget i Ukraina och har vaccinerade barn som slipper \u00f6va p\u00e5 skolskjutningar. De flesta l\u00e4nder h\u00e4r saknar politiska ledare som fantiserar om att annektera grannl\u00e4nder eller lanserar egna kryptovalutor.<\/p>\n<p>Och vi har kultiverat en fotboll med enormt inflytande. Den m\u00e5ste st\u00e5 p\u00e5 sig n\u00e4r Fifa f\u00f6rvandlas till ett instrument f\u00f6r att trycka tillbaka v\u00e5r del av v\u00e4rlden.<\/p>\n<p>Vid ett tillf\u00e4lle under lottningen ylade Infantino, som sj\u00e4lv l\u00e5ter mer och mer som Trump, att VM kommer bli \u201dthe greatest event man kind has ever seen and will ever see\u201d.<\/p>\n<p>Han verkar tro att han er\u00f6vrar v\u00e4rlden.\u00a0<\/p>\n<p>Det \u00e4r tv\u00e4rtom, Fifa som er\u00f6vras av en ny v\u00e4rld.<\/p>\n<p><img alt=\"\"\/>Ljudklippet gick inte att spela upp<\/p>\n<p>F\u00f6rs\u00f6k igen senare<\/p>\n","protected":false},"excerpt":{"rendered":"Fotbollen har slutat er\u00f6vra v\u00e4rlden. Nu blir den er\u00f6vrad \u2013 av en v\u00e4rld som verkligen inte gillar Europa.&hellip;\n","protected":false},"author":2,"featured_media":103242,"comment_status":"","ping_status":"","sticky":false,"template":"","format":"standard","meta":{"footnotes":""},"categories":[68],"tags":[11265,1370,556,198,9480,34,305,739,111,110,31,33,32,30],"class_list":{"0":"post-103241","1":"post","2":"type-post","3":"status-publish","4":"format-standard","5":"has-post-thumbnail","7":"category-sport","8":"tag-organization-fifa","9":"tag-organization-fotbolls-vm","10":"tag-person-cristiano-ronaldo","11":"tag-person-donald-trump","12":"tag-person-gianni-infantino","13":"tag-se","14":"tag-sections-kronikorer","15":"tag-sections-noabachner","16":"tag-sport","17":"tag-sports","18":"tag-svenska","19":"tag-sverige","20":"tag-sweden","21":"tag-swedish"},"share_on_mastodon":{"url":"https:\/\/pubeurope.com\/@se\/115703104405982064","error":""},"_links":{"self":[{"href":"https:\/\/www.europesays.com\/se\/wp-json\/wp\/v2\/posts\/103241","targetHints":{"allow":["GET"]}}],"collection":[{"href":"https:\/\/www.europesays.com\/se\/wp-json\/wp\/v2\/posts"}],"about":[{"href":"https:\/\/www.europesays.com\/se\/wp-json\/wp\/v2\/types\/post"}],"author":[{"embeddable":true,"href":"https:\/\/www.europesays.com\/se\/wp-json\/wp\/v2\/users\/2"}],"replies":[{"embeddable":true,"href":"https:\/\/www.europesays.com\/se\/wp-json\/wp\/v2\/comments?post=103241"}],"version-history":[{"count":0,"href":"https:\/\/www.europesays.com\/se\/wp-json\/wp\/v2\/posts\/103241\/revisions"}],"wp:featuredmedia":[{"embeddable":true,"href":"https:\/\/www.europesays.com\/se\/wp-json\/wp\/v2\/media\/103242"}],"wp:attachment":[{"href":"https:\/\/www.europesays.com\/se\/wp-json\/wp\/v2\/media?parent=103241"}],"wp:term":[{"taxonomy":"category","embeddable":true,"href":"https:\/\/www.europesays.com\/se\/wp-json\/wp\/v2\/categories?post=103241"},{"taxonomy":"post_tag","embeddable":true,"href":"https:\/\/www.europesays.com\/se\/wp-json\/wp\/v2\/tags?post=103241"}],"curies":[{"name":"wp","href":"https:\/\/api.w.org\/{rel}","templated":true}]}}