{"id":103245,"date":"2025-12-11T21:45:33","date_gmt":"2025-12-11T21:45:33","guid":{"rendered":"https:\/\/www.europesays.com\/se\/103245\/"},"modified":"2025-12-11T21:45:33","modified_gmt":"2025-12-11T21:45:33","slug":"bedomare-om-trumps-pahopp-respekterar-bara-styrka","status":"publish","type":"post","link":"https:\/\/www.europesays.com\/se\/103245\/","title":{"rendered":"Bed\u00f6mare om Trumps p\u00e5hopp: \u201dRespekterar bara styrka\u201d"},"content":{"rendered":"<p class=\"boxtextgrotesk-root_baa6 hyperion-css-7pajle\">Publicerad 2025-12-10 06.15<\/p>\n<p>share-arrowDela<\/p>\n<p>unsaveSpara<\/p>\n<p>expand-left<\/p>\n<p>helsk\u00e4rm<img decoding=\"async\" class=\"image-asset hyperion-css-u06ts1\" data-test-tag=\"image-asset\" src=\"https:\/\/www.europesays.com\/se\/wp-content\/uploads\/2025\/12\/e8c6ef65-f9e1-4be1-851a-a767ba97594f\"  alt=\"USA:s president Donald Trump i Vita huset i m\u00e5ndags.\"  loading=\"eager\" fetchpriority=\"high\" style=\"aspect-ratio:1900 \/ 1267\"\/>USA:s president Donald Trump i Vita huset i m\u00e5ndags. Foto: Alex Brandon\/AP\/TT<\/p>\n<p class=\"hyperion-css-1shl3oz\" data-test-tag=\"lead-text\">USA:s president Donald Trump skr\u00e4der inte orden n\u00e4r han talar om europeiska l\u00e4nders ledare. I en intervju som publicerades p\u00e5 tisdagen kallade han dem bland annat \u201dsvaga\u201d.<\/p>\n<p class=\"hyperion-css-1shl3oz\" data-test-tag=\"lead-text\">Uttalandet l\u00e4gger sten p\u00e5 b\u00f6rda p\u00e5 en redan anstr\u00e4ngd allians.<\/p>\n<p class=\"hyperion-css-1v9qo5x\">Relationen mellan USA och Europa \u00e4r anstr\u00e4ngd. P\u00e5 tisdagen knakade det till ytterligare i fogarna d\u00e5 president Trump riktade skarp kritik mot europeiska ledare i en intervju med Politico.<\/p>\n<p class=\"hyperion-css-1v9qo5x\">Europa f\u00f6rfaller, h\u00e4vdade Trump, och de europeiska ledarna \u00e4r svaga.<\/p>\n<p class=\"hyperion-css-1v9qo5x\">\u201dTrumps kommentar \u00e4r i linje med den nya s\u00e4kerhetsstrategin som utm\u00e5lar Europa som en kontinent p\u00e5 dekis\u201d, skriver Erik Brattberg, senior fellow vid tankesmedjan Atlantic Council, till TT.<\/p>\n<p class=\"hyperion-css-1v9qo5x\">S\u00e4kerhetsstrategin, som offentliggjordes i fredags, varnar f\u00f6r \u201dcivilisationsutpl\u00e5ning\u201d genom bland annat invandring, l\u00e5ga f\u00f6delsetal och p\u00e5st\u00e5dda hot mot yttrandefriheten i Europa.<\/p>\n<p>\u201dSt\u00e5r ensam\u201d<\/p>\n<p class=\"hyperion-css-1v9qo5x\">Mycket av det Trump s\u00e4ger i intervjun liknar det som s\u00e4gs i s\u00e4kerhetsstrategin, vilket kan inneb\u00e4ra att Trumps uttalanden inte \u00f6verraskade europ\u00e9erna s\u00e4rskilt mycket, s\u00e4ger G\u00f6ran von Sydow, chef f\u00f6r Svenska institutet f\u00f6r Europapolitiska studier (Sieps). Han ser dock s\u00e4ttet p\u00e5 vilket Trump uttrycker sig om Europa som uppseendev\u00e4ckande.<\/p>\n<p class=\"hyperion-css-1v9qo5x\">\u2013 Dels hur man d\u00e5 griper in i det som \u00e4r inrikespolitik i de allierade l\u00e4nderna, s\u00e4ger han.<\/p>\n<p class=\"hyperion-css-1v9qo5x\">\u2013 Den andra delen \u00e4r det som handlar om Ukraina, som synligg\u00f6r \u00e4n en g\u00e5ng f\u00f6r europ\u00e9erna att man p\u00e5 m\u00e5nga s\u00e4tt st\u00e5r ensamma i att f\u00f6rs\u00f6ka st\u00f6tta Ukraina. H\u00e4r blir det stora fr\u00e5gor som st\u00e4lls om hur man ska agera nu, s\u00e4ger han.<\/p>\n<p class=\"hyperion-css-1v9qo5x\">En tredje aspekt \u00e4r sj\u00e4lva tonen i Trumps uttalanden, s\u00e4ger G\u00f6ran von Sydow.<\/p>\n<p class=\"hyperion-css-1v9qo5x\">\u2013 Trump v\u00e4xlar mellan att s\u00e4ga att han vill ha ett starkt Europa samtidigt som han p\u00e5pekar att Europa \u00e4r svagt \u2013 det finns ju n\u00e5gonting paradoxalt i det.<\/p>\n<p>Respekterar styrka<\/p>\n<p class=\"hyperion-css-1v9qo5x\">Erik Brattberg bed\u00f6mer att Trump inte ser samarbetet mellan USA och Europa som v\u00e4rdebaserat, utan snarare transaktionellt.<\/p>\n<p class=\"hyperion-css-1v9qo5x\">\u201dEuropeiska f\u00f6rs\u00f6k att charma Trump f\u00f6r att f\u00f6rs\u00f6ka h\u00e5lla ihop det transatlantiska samarbetet har uppenbarligen misslyckats eftersom Trump bara respekterar styrka\u201d, skriver Brattberg.<\/p>\n<p class=\"hyperion-css-1v9qo5x\">Trumps uttalande kommer samtidigt som f\u00f6rhandlingar p\u00e5g\u00e5r om att avsluta Rysslands invasionskrig i Ukraina, d\u00e4r tidigare versioner av USA:s f\u00f6rslag till fredsplan har kritiserats f\u00f6r att ha varit alltf\u00f6r mycket i linje med ryska \u00f6nskem\u00e5l.<\/p>\n<p class=\"hyperion-css-1v9qo5x\">\u201dFr\u00e5gan \u00e4r vilka l\u00e4rdomar europeiska ledare drar vad g\u00e4ller hur man sj\u00e4lv kommer att beh\u00f6va \u00f6ka st\u00f6det till Ukraina samt ta hand om sitt eget f\u00f6rsvar mot Ryssland utan USA\u201d, skriver Erik Brattberg.<\/p>\n","protected":false},"excerpt":{"rendered":"Publicerad 2025-12-10 06.15 share-arrowDela unsaveSpara expand-left helsk\u00e4rmUSA:s president Donald Trump i Vita huset i m\u00e5ndags. Foto: Alex Brandon\/AP\/TT&hellip;\n","protected":false},"author":2,"featured_media":103246,"comment_status":"","ping_status":"","sticky":false,"template":"","format":"standard","meta":{"footnotes":""},"categories":[12],"tags":[22,23,26,27,17,21,24,25,28,29,15,16,18,34,31,33,32,30,19,20],"class_list":{"0":"post-103245","1":"post","2":"type-post","3":"status-publish","4":"format-standard","5":"has-post-thumbnail","7":"category-sverige","8":"tag-breaking-news","9":"tag-breakingnews","10":"tag-featured-news","11":"tag-featurednews","12":"tag-headlines","13":"tag-huvudnyheter","14":"tag-latest-news","15":"tag-latestnews","16":"tag-main-news","17":"tag-mainnews","18":"tag-news","19":"tag-nyheter","20":"tag-rubriker","21":"tag-se","22":"tag-svenska","23":"tag-sverige","24":"tag-sweden","25":"tag-swedish","26":"tag-top-stories","27":"tag-topstories"},"share_on_mastodon":{"url":"https:\/\/pubeurope.com\/@se\/115703128030314744","error":""},"_links":{"self":[{"href":"https:\/\/www.europesays.com\/se\/wp-json\/wp\/v2\/posts\/103245","targetHints":{"allow":["GET"]}}],"collection":[{"href":"https:\/\/www.europesays.com\/se\/wp-json\/wp\/v2\/posts"}],"about":[{"href":"https:\/\/www.europesays.com\/se\/wp-json\/wp\/v2\/types\/post"}],"author":[{"embeddable":true,"href":"https:\/\/www.europesays.com\/se\/wp-json\/wp\/v2\/users\/2"}],"replies":[{"embeddable":true,"href":"https:\/\/www.europesays.com\/se\/wp-json\/wp\/v2\/comments?post=103245"}],"version-history":[{"count":0,"href":"https:\/\/www.europesays.com\/se\/wp-json\/wp\/v2\/posts\/103245\/revisions"}],"wp:featuredmedia":[{"embeddable":true,"href":"https:\/\/www.europesays.com\/se\/wp-json\/wp\/v2\/media\/103246"}],"wp:attachment":[{"href":"https:\/\/www.europesays.com\/se\/wp-json\/wp\/v2\/media?parent=103245"}],"wp:term":[{"taxonomy":"category","embeddable":true,"href":"https:\/\/www.europesays.com\/se\/wp-json\/wp\/v2\/categories?post=103245"},{"taxonomy":"post_tag","embeddable":true,"href":"https:\/\/www.europesays.com\/se\/wp-json\/wp\/v2\/tags?post=103245"}],"curies":[{"name":"wp","href":"https:\/\/api.w.org\/{rel}","templated":true}]}}