{"id":103273,"date":"2025-12-11T22:20:09","date_gmt":"2025-12-11T22:20:09","guid":{"rendered":"https:\/\/www.europesays.com\/se\/103273\/"},"modified":"2025-12-11T22:20:09","modified_gmt":"2025-12-11T22:20:09","slug":"8-sidor-kraksjukan-har-borjat","status":"publish","type":"post","link":"https:\/\/www.europesays.com\/se\/103273\/","title":{"rendered":"8 Sidor &#8211; Kr\u00e4ksjukan har b\u00f6rjat"},"content":{"rendered":"<p>En kvinna som kr\u00e4ks. Foto: Christine Olsson\/TT<\/p>\n<p>Nu har vinterns<br \/>kr\u00e4ksjuka b\u00f6rjat.<br \/>Det s\u00e4ger<br \/>Folkh\u00e4lsomyndigheten.<\/p>\n<p>Vinterkr\u00e4ksjukan<br \/>\u00e4r den vanligaste<br \/>magsjukan i Sverige.<\/p>\n<p>Den som blir sjuk kr\u00e4ks ofta.<br \/>Du kan f\u00e5 ont i magen, diarr\u00e9,<br \/>feber och ont i huvudet.<\/p>\n<p>Kr\u00e4ksjukan smittar<br \/>genom ett virus.<br \/>Viruset smittar l\u00e4tt.<\/p>\n<p>M\u00e5nga kommer att bli sjuka<br \/>den n\u00e4rmaste tiden.<br \/>Men det g\u00e5r inte att veta<br \/>exakt hur m\u00e5nga.<\/p>\n<p>Du kan minska risken<br \/>att bli smittad om du<br \/>tv\u00e4ttar h\u00e4nderna ordentligt.<br \/>Tv\u00e4tta h\u00e4nderna med tv\u00e5l<br \/>och varmt vatten.<\/p>\n<p>Om du blir sjuk i kr\u00e4ksjukan<br \/>ska du stanna hemma,<br \/>s\u00e4ger myndigheterna.<br \/>Du ska stanna hemma<br \/>minst ett dygn efter att du<br \/>slutade kr\u00e4kas eller hade diarr\u00e9.<\/p>\n<p>MARIE HILLBLOM\/8 SIDOR<\/p>\n","protected":false},"excerpt":{"rendered":"En kvinna som kr\u00e4ks. Foto: Christine Olsson\/TT Nu har vinternskr\u00e4ksjuka b\u00f6rjat.Det s\u00e4gerFolkh\u00e4lsomyndigheten. Vinterkr\u00e4ksjukan\u00e4r den vanligastemagsjukan i Sverige. Den&hellip;\n","protected":false},"author":2,"featured_media":103274,"comment_status":"","ping_status":"","sticky":false,"template":"","format":"standard","meta":{"footnotes":""},"categories":[69],"tags":[113,112,34,31,33,32,30],"class_list":{"0":"post-103273","1":"post","2":"type-post","3":"status-publish","4":"format-standard","5":"has-post-thumbnail","7":"category-halsa","8":"tag-halsa","9":"tag-health","10":"tag-se","11":"tag-svenska","12":"tag-sverige","13":"tag-sweden","14":"tag-swedish"},"share_on_mastodon":{"url":"https:\/\/pubeurope.com\/@se\/115703265798094172","error":""},"_links":{"self":[{"href":"https:\/\/www.europesays.com\/se\/wp-json\/wp\/v2\/posts\/103273","targetHints":{"allow":["GET"]}}],"collection":[{"href":"https:\/\/www.europesays.com\/se\/wp-json\/wp\/v2\/posts"}],"about":[{"href":"https:\/\/www.europesays.com\/se\/wp-json\/wp\/v2\/types\/post"}],"author":[{"embeddable":true,"href":"https:\/\/www.europesays.com\/se\/wp-json\/wp\/v2\/users\/2"}],"replies":[{"embeddable":true,"href":"https:\/\/www.europesays.com\/se\/wp-json\/wp\/v2\/comments?post=103273"}],"version-history":[{"count":0,"href":"https:\/\/www.europesays.com\/se\/wp-json\/wp\/v2\/posts\/103273\/revisions"}],"wp:featuredmedia":[{"embeddable":true,"href":"https:\/\/www.europesays.com\/se\/wp-json\/wp\/v2\/media\/103274"}],"wp:attachment":[{"href":"https:\/\/www.europesays.com\/se\/wp-json\/wp\/v2\/media?parent=103273"}],"wp:term":[{"taxonomy":"category","embeddable":true,"href":"https:\/\/www.europesays.com\/se\/wp-json\/wp\/v2\/categories?post=103273"},{"taxonomy":"post_tag","embeddable":true,"href":"https:\/\/www.europesays.com\/se\/wp-json\/wp\/v2\/tags?post=103273"}],"curies":[{"name":"wp","href":"https:\/\/api.w.org\/{rel}","templated":true}]}}