{"id":103275,"date":"2025-12-11T22:21:21","date_gmt":"2025-12-11T22:21:21","guid":{"rendered":"https:\/\/www.europesays.com\/se\/103275\/"},"modified":"2025-12-11T22:21:21","modified_gmt":"2025-12-11T22:21:21","slug":"elvira-oberg-ska-ryssar-resa-runt-med-vapen-i-europa-skidskytte","status":"publish","type":"post","link":"https:\/\/www.europesays.com\/se\/103275\/","title":{"rendered":"Elvira \u00d6berg: \u201dSka ryssar resa runt med vapen i Europa?\u201d | Skidskytte"},"content":{"rendered":"<p>Publicerad 11 dec 2025 kl 18.58Uppdaterad kl 19.10<\/p>\n<p>Ryssland vill tillbaka in i skidskyttet.<\/p>\n<p>En dum id\u00e9, tycker det svenska landslaget.<\/p>\n<p>\u2013 Ska ryssar resa runt med vapen i Europa? fr\u00e5gar sig Elvira \u00d6berg i <a href=\"https:\/\/www.svt.se\/sport\/skidskytte\/elvira-oberg-ska-ryssar-resa-runt-med-vapen-i-europa\" rel=\"nofollow noopener\" target=\"_blank\">SVT<\/a>.<\/p>\n<p><img   alt=\"\"\/><\/p>\n<p>Elvira \u00d6berg.<\/p>\n<p>Foto: MATHIAS BERGELD \/ BILDBYR\u00c5N<\/p>\n<p>\u00d6ppna bild i helsk\u00e4rm<\/p>\n<p>Ett antal ryska och belarusiska l\u00e4ngd\u00e5kare till\u00e5ts t\u00e4vla internationellt i Davos till helgen.<\/p>\n<p>Rysslands skidskyttef\u00f6rbund vill g\u00f6ra samma resa.\u00a0<\/p>\n<p>P\u00e5 torsdagen bekr\u00e4ftade Rysslands idrottsminister Michail Degtjarjov att man har <a href=\"https:\/\/www.expressen.se\/sport\/skidskytte\/rysslands-nya-drag-vill-tillbaka-i-skidskyttet\/\" rel=\"nofollow noopener\" target=\"_blank\">\u00f6verklagat den l\u00e5nga avst\u00e4ngningen till Idrottens skiljedomstol Cas.<\/a><\/p>\n<p>Beskedet f\u00e5r det svenska skidskyttelandslaget att reagera.<\/p>\n<p>\u2013 I princip alla skidskyttar \u00e4r kopplade till milit\u00e4ren. Ska ryssar och belarusier resa runt med vapen i Europa? Det \u00e4r ju det detta skulle inneb\u00e4ra, s\u00e4ger <a href=\"https:\/\/www.expressen.se\/tagg\/person\/elvira-oberg\/\" class=\"\" rel=\"nofollow noopener\" target=\"_blank\">Elvira \u00d6berg<\/a> till SVT.<\/p>\n<p>Hon forts\u00e4tter:<\/p>\n<p>\u2013 De \u00e4r dessutom kopplade och har l\u00f6ner av milit\u00e4r och tull och allt m\u00f6jligt. Det k\u00e4nns v\u00e4ldigt l\u00e5ngt bort m\u00e5ste jag s\u00e4ga.<\/p>\n<p><img loading=\"lazy\"   alt=\"\"\/><\/p>\n<p>Sebastian Samuelsson.<\/p>\n<p>Foto: Hanna Brunl\u00f6f\/TT \/ TT NYHETSBYR\u00c5N<\/p>\n<p>\u00d6ppna bild i helsk\u00e4rm\u201dDet skulle k\u00e4nnas v\u00e4ldigt m\u00e4rkligt\u201d<\/p>\n<p>Sebastian Samuelsson inst\u00e4mmer.<\/p>\n<p>\u2013 Det skulle k\u00e4nnas v\u00e4ldigt m\u00e4rkligt att se ryssar med vapen h\u00e4r, s\u00e4ger han till SVT.<\/p>\n<p>P\u00e5 torsdagens gemensamma presstr\u00e4ff d\u00f6k samma fr\u00e5ga upp. Sebastian Samuelsson k\u00e4nner sig dock trygg i IBU:s ramverk f\u00f6r neutrala \u00e5kare \u2013 som l\u00e4r s\u00e4tta stopp f\u00f6r ryssarnas \u00f6verklagan.\u00a0<\/p>\n<p>\u2013 Det st\u00e5r ju v\u00e4ldigt tydligt i kongressens beslut om att det inte ska vara n\u00e5gra ryssar eller belarusier h\u00e4r.<\/p>\n<p><strong>Hade du kunnat dela matta med en rysk skidskytt?<\/strong><\/p>\n<p>\u2013 Jag hoppas verkligen att vi inte hamnar d\u00e4r. Det blir v\u00e4ldigt hypotetiskt. Neutrala \u00e5kare existerar ju liksom inte innanf\u00f6r IBU:s regelverk. S\u00e5 det skulle jag se som om\u00f6jligt. Men om det h\u00e4nder s\u00e5 f\u00e5r man ta st\u00e4llning till det d\u00e5.<\/p>\n","protected":false},"excerpt":{"rendered":"Publicerad 11 dec 2025 kl 18.58Uppdaterad kl 19.10 Ryssland vill tillbaka in i skidskyttet. En dum id\u00e9, tycker&hellip;\n","protected":false},"author":2,"featured_media":103276,"comment_status":"","ping_status":"","sticky":false,"template":"","format":"standard","meta":{"footnotes":""},"categories":[68],"tags":[1037,34,945,111,110,31,33,32,30],"class_list":{"0":"post-103275","1":"post","2":"type-post","3":"status-publish","4":"format-standard","5":"has-post-thumbnail","7":"category-sport","8":"tag-person-elvira-oberg","9":"tag-se","10":"tag-sections-skidskytte","11":"tag-sport","12":"tag-sports","13":"tag-svenska","14":"tag-sverige","15":"tag-sweden","16":"tag-swedish"},"share_on_mastodon":{"url":"https:\/\/pubeurope.com\/@se\/115703269558009111","error":""},"_links":{"self":[{"href":"https:\/\/www.europesays.com\/se\/wp-json\/wp\/v2\/posts\/103275","targetHints":{"allow":["GET"]}}],"collection":[{"href":"https:\/\/www.europesays.com\/se\/wp-json\/wp\/v2\/posts"}],"about":[{"href":"https:\/\/www.europesays.com\/se\/wp-json\/wp\/v2\/types\/post"}],"author":[{"embeddable":true,"href":"https:\/\/www.europesays.com\/se\/wp-json\/wp\/v2\/users\/2"}],"replies":[{"embeddable":true,"href":"https:\/\/www.europesays.com\/se\/wp-json\/wp\/v2\/comments?post=103275"}],"version-history":[{"count":0,"href":"https:\/\/www.europesays.com\/se\/wp-json\/wp\/v2\/posts\/103275\/revisions"}],"wp:featuredmedia":[{"embeddable":true,"href":"https:\/\/www.europesays.com\/se\/wp-json\/wp\/v2\/media\/103276"}],"wp:attachment":[{"href":"https:\/\/www.europesays.com\/se\/wp-json\/wp\/v2\/media?parent=103275"}],"wp:term":[{"taxonomy":"category","embeddable":true,"href":"https:\/\/www.europesays.com\/se\/wp-json\/wp\/v2\/categories?post=103275"},{"taxonomy":"post_tag","embeddable":true,"href":"https:\/\/www.europesays.com\/se\/wp-json\/wp\/v2\/tags?post=103275"}],"curies":[{"name":"wp","href":"https:\/\/api.w.org\/{rel}","templated":true}]}}