{"id":103295,"date":"2025-12-11T22:50:09","date_gmt":"2025-12-11T22:50:09","guid":{"rendered":"https:\/\/www.europesays.com\/se\/103295\/"},"modified":"2025-12-11T22:50:09","modified_gmt":"2025-12-11T22:50:09","slug":"skistar-vidtar-atgarder-efter-kritik-om-tavlingshets","status":"publish","type":"post","link":"https:\/\/www.europesays.com\/se\/103295\/","title":{"rendered":"Skistar vidtar \u00e5tg\u00e4rder efter kritik om t\u00e4vlingshets"},"content":{"rendered":"<p>Skistar har vidtagit flera \u00e5tg\u00e4rder efter kritiken mot den upplevda t\u00e4vlingshetsen i backarna i \u00c5re rapporterar Aftonbladet.<\/p>\n<p>Enligt kommunikationschefen Maria Kruse har man bland annat justerat en funktion i appen.<\/p>\n<p>\u2013 Om det g\u00e5r f\u00f6r kort tid mellan att man \u00e5ker upp i liften och kommer ner igen s\u00e5 kommer \u00e5ket inte att r\u00e4knas, s\u00e4ger hon.<\/p>\n<p>Syftet med t\u00e4vlingsmomentet i appen \u00e4r att \u00e5karna ska \u00e5ka s\u00e5 mycket som m\u00f6jligt, men alltid efter egen f\u00f6rm\u00e5ga, enligt Kruse.<\/p>\n<p>Sedan en man i 20-\u00e5rs\u00e5ldern dog i en skidolycka i f\u00f6rra veckan har Skistar f\u00e5tt kritik f\u00f6r att bidra till en hetsig t\u00e4vlingskultur d\u00e4r ungdomar \u00e5ker alldeles f\u00f6r fort i backarna.<\/p>\n<p>Omni \u00e4r politiskt obundna och oberoende. Vi str\u00e4var efter att ge fler perspektiv p\u00e5 nyheterna. Har du fr\u00e5gor eller synpunkter kring v\u00e5r rapportering? <a href=\"https:\/\/omni.se\/skistar-vidtar-atgarder-efter-kritik-om-tavlingshets\/a\/mailto:redaktion@omni.se\" class=\"ArticleActions_contactLink__W2F1M\" rel=\"nofollow noopener\" target=\"_blank\">Kontakta redaktionen<\/a><\/p>\n","protected":false},"excerpt":{"rendered":"Skistar har vidtagit flera \u00e5tg\u00e4rder efter kritiken mot den upplevda t\u00e4vlingshetsen i backarna i \u00c5re rapporterar Aftonbladet. Enligt&hellip;\n","protected":false},"author":2,"featured_media":103296,"comment_status":"","ping_status":"","sticky":false,"template":"","format":"standard","meta":{"footnotes":""},"categories":[12],"tags":[2893,22,23,26,27,17,21,839,24,25,28,29,15,16,18,34,4530,31,33,32,30,19,20],"class_list":{"0":"post-103295","1":"post","2":"type-post","3":"status-publish","4":"format-standard","5":"has-post-thumbnail","7":"category-sverige","8":"tag-are","9":"tag-breaking-news","10":"tag-breakingnews","11":"tag-featured-news","12":"tag-featurednews","13":"tag-headlines","14":"tag-huvudnyheter","15":"tag-jamtlands-lan","16":"tag-latest-news","17":"tag-latestnews","18":"tag-main-news","19":"tag-mainnews","20":"tag-news","21":"tag-nyheter","22":"tag-rubriker","23":"tag-se","24":"tag-skistar","25":"tag-svenska","26":"tag-sverige","27":"tag-sweden","28":"tag-swedish","29":"tag-top-stories","30":"tag-topstories"},"share_on_mastodon":{"url":"https:\/\/pubeurope.com\/@se\/115703383528172386","error":""},"_links":{"self":[{"href":"https:\/\/www.europesays.com\/se\/wp-json\/wp\/v2\/posts\/103295","targetHints":{"allow":["GET"]}}],"collection":[{"href":"https:\/\/www.europesays.com\/se\/wp-json\/wp\/v2\/posts"}],"about":[{"href":"https:\/\/www.europesays.com\/se\/wp-json\/wp\/v2\/types\/post"}],"author":[{"embeddable":true,"href":"https:\/\/www.europesays.com\/se\/wp-json\/wp\/v2\/users\/2"}],"replies":[{"embeddable":true,"href":"https:\/\/www.europesays.com\/se\/wp-json\/wp\/v2\/comments?post=103295"}],"version-history":[{"count":0,"href":"https:\/\/www.europesays.com\/se\/wp-json\/wp\/v2\/posts\/103295\/revisions"}],"wp:featuredmedia":[{"embeddable":true,"href":"https:\/\/www.europesays.com\/se\/wp-json\/wp\/v2\/media\/103296"}],"wp:attachment":[{"href":"https:\/\/www.europesays.com\/se\/wp-json\/wp\/v2\/media?parent=103295"}],"wp:term":[{"taxonomy":"category","embeddable":true,"href":"https:\/\/www.europesays.com\/se\/wp-json\/wp\/v2\/categories?post=103295"},{"taxonomy":"post_tag","embeddable":true,"href":"https:\/\/www.europesays.com\/se\/wp-json\/wp\/v2\/tags?post=103295"}],"curies":[{"name":"wp","href":"https:\/\/api.w.org\/{rel}","templated":true}]}}