{"id":103300,"date":"2025-12-11T22:59:41","date_gmt":"2025-12-11T22:59:41","guid":{"rendered":"https:\/\/www.europesays.com\/se\/103300\/"},"modified":"2025-12-11T22:59:41","modified_gmt":"2025-12-11T22:59:41","slug":"21-aringens-pi-rekord-kunde-47-466-decimaler-vasterbottens-kuriren","status":"publish","type":"post","link":"https:\/\/www.europesays.com\/se\/103300\/","title":{"rendered":"21-\u00e5ringens pi-rekord: Kunde 47 466 decimaler &#8211; V\u00e4sterbottens-Kuriren"},"content":{"rendered":"<ol>\n<li><a href=\"https:\/\/news.google.com\/rss\/articles\/CBMihAFBVV95cUxQOTF0ZkQtcjJqd3d5VTNWUkNGQ3BXRTY2LWVFYWZ6MzEwNDg2SUJhYmxXcGk3ajhGcjFNaC04UGxEWUJLR24xOHE1WEVXTDdySEg3RTFGeW5LOURreTMwLTBNalNUbHo2VUw0Skgwa3hPS3ZubTd3VnZFaVAwTjJvaHpzYUw?oc=5\" target=\"_blank\" rel=\"nofollow noopener\">21-\u00e5ringens pi-rekord: Kunde 47 466 decimaler<\/a>&nbsp;&nbsp;V\u00e4sterbottens-Kuriren<\/li>\n<li><a href=\"https:\/\/news.google.com\/rss\/articles\/CBMiuAFBVV95cUxQRGZVOVUwcjZYeU1aRi1YQ1dMbWNzRVB0aDdhbUhUZHl5RHAyUzNoTUxYWTZXcUpaWUc3dDgyUzdYOXd0QVB5dzduY3J4XzNkV3hETkpsRzJUSmo3WGJjTGxoR0JCbDRqb2hFSUg2Q3J0enhNcTJzWFZpTFZFVzR0ZWlkRUc3aDlZMVNKQXpLTElhZXJXcno2cGNOZTEwRk9GNDJKZ0ltV3hpaFFnaHc4aE5tNW96Rm1k?oc=5\" target=\"_blank\" rel=\"nofollow noopener\">Rekordf\u00f6rs\u00f6ket \u00f6ver f\u00f6r Klaus \u2013 n\u00e5dde 47 466 pi-decimaler: \u201dOrkar inte mer\u201d<\/a>&nbsp;&nbsp;SVT Nyheter<\/li>\n<li><a href=\"https:\/\/news.google.com\/rss\/articles\/CBMisAFBVV95cUxORWpsZ1VKYnMxY3NWX2RVREFuSlBVR0pzTjBFVi1zQm8yMDN4V3U1NmFNdGhaaFd2SWdpTFZydFNrVThSbEZzRFdadHNwLUtjOTk4YmxCOHZFQi05dGd6TDFFSThqTjdZYWotanM0WVBweW1jeXctQjF5OS1CVENEcV9hd2hrUmtOLXZLTXRhcEEyTWNYNTM4SWtqaXVmWVJKLXNqTHpOOGQ5X3RueFZ3ZQ?oc=5\" target=\"_blank\" rel=\"nofollow noopener\">Klaus fr\u00e5n Nordmaling rabblade decimaler i \u00f6ver fem timmar \u2013 chans p\u00e5 rekord<\/a>&nbsp;&nbsp;Sveriges Radio<\/li>\n<li><a href=\"https:\/\/news.google.com\/rss\/articles\/CBMikAFBVV95cUxOaGEzMlFaQXItZlo5R1A2N2tvb3ZvZGdNMzd4WWZBWGlRWWZMQXRSTHU3amItcWtKOFkyTEFsTW5saGlUc0NJNHliT2ZJQ0FVMmhrUHdjd0JuZGRNLUF5cTdDbjBCWlMxMXZXNjhrM1Q3cm1HSFRCbjJGN2NMVFRzNG8yeFJLanMzS1hMRHBvSGU?oc=5\" target=\"_blank\" rel=\"nofollow noopener\">Nytt svensk pi-rekord \u2013 rabblade 47 466 decimaler<\/a>&nbsp;&nbsp;Ystads Allehanda<\/li>\n<li><a href=\"https:\/\/news.google.com\/rss\/articles\/CBMiekFVX3lxTE53cFBRZ0Y3UExWNXJKd2NvZkxlZy1PdTVEbkNaZjdHR0JXWFJmQ1Q2RUduMWxnNzRxR2Z1bmJrRElMV2dWU1kyMElVVm9ZQ1d3TkZWaDFEVjU0TS1FZExJSEQ3T2h2MTl4OFJoTEQwWmVvZk05VlFzSUh3?oc=5\" target=\"_blank\" rel=\"nofollow noopener\">Rekord f\u00f6r svensken \u2013 mindes 47 466 decimaler<\/a>&nbsp;&nbsp;Bor\u00e5s Tidning<\/li>\n<\/ol>\n","protected":false},"excerpt":{"rendered":"21-\u00e5ringens pi-rekord: Kunde 47 466 decimaler&nbsp;&nbsp;V\u00e4sterbottens-Kuriren Rekordf\u00f6rs\u00f6ket \u00f6ver f\u00f6r Klaus \u2013 n\u00e5dde 47 466 pi-decimaler: \u201dOrkar inte mer\u201d&nbsp;&nbsp;SVT&hellip;\n","protected":false},"author":2,"featured_media":103301,"comment_status":"","ping_status":"","sticky":false,"template":"","format":"standard","meta":{"footnotes":""},"categories":[12],"tags":[22,23,26,27,17,21,24,25,28,29,15,16,18,34,31,33,32,30,19,20],"class_list":{"0":"post-103300","1":"post","2":"type-post","3":"status-publish","4":"format-standard","5":"has-post-thumbnail","7":"category-sverige","8":"tag-breaking-news","9":"tag-breakingnews","10":"tag-featured-news","11":"tag-featurednews","12":"tag-headlines","13":"tag-huvudnyheter","14":"tag-latest-news","15":"tag-latestnews","16":"tag-main-news","17":"tag-mainnews","18":"tag-news","19":"tag-nyheter","20":"tag-rubriker","21":"tag-se","22":"tag-svenska","23":"tag-sverige","24":"tag-sweden","25":"tag-swedish","26":"tag-top-stories","27":"tag-topstories"},"share_on_mastodon":{"url":"https:\/\/pubeurope.com\/@se\/115703418949434520","error":""},"_links":{"self":[{"href":"https:\/\/www.europesays.com\/se\/wp-json\/wp\/v2\/posts\/103300","targetHints":{"allow":["GET"]}}],"collection":[{"href":"https:\/\/www.europesays.com\/se\/wp-json\/wp\/v2\/posts"}],"about":[{"href":"https:\/\/www.europesays.com\/se\/wp-json\/wp\/v2\/types\/post"}],"author":[{"embeddable":true,"href":"https:\/\/www.europesays.com\/se\/wp-json\/wp\/v2\/users\/2"}],"replies":[{"embeddable":true,"href":"https:\/\/www.europesays.com\/se\/wp-json\/wp\/v2\/comments?post=103300"}],"version-history":[{"count":0,"href":"https:\/\/www.europesays.com\/se\/wp-json\/wp\/v2\/posts\/103300\/revisions"}],"wp:featuredmedia":[{"embeddable":true,"href":"https:\/\/www.europesays.com\/se\/wp-json\/wp\/v2\/media\/103301"}],"wp:attachment":[{"href":"https:\/\/www.europesays.com\/se\/wp-json\/wp\/v2\/media?parent=103300"}],"wp:term":[{"taxonomy":"category","embeddable":true,"href":"https:\/\/www.europesays.com\/se\/wp-json\/wp\/v2\/categories?post=103300"},{"taxonomy":"post_tag","embeddable":true,"href":"https:\/\/www.europesays.com\/se\/wp-json\/wp\/v2\/tags?post=103300"}],"curies":[{"name":"wp","href":"https:\/\/api.w.org\/{rel}","templated":true}]}}