{"id":103318,"date":"2025-12-11T23:32:08","date_gmt":"2025-12-11T23:32:08","guid":{"rendered":"https:\/\/www.europesays.com\/se\/103318\/"},"modified":"2025-12-11T23:32:08","modified_gmt":"2025-12-11T23:32:08","slug":"forlust-i-portugal-finns-mycket-gott-att-ta-med-sig","status":"publish","type":"post","link":"https:\/\/www.europesays.com\/se\/103318\/","title":{"rendered":"F\u00f6rlust i Portugal: \u201dFinns mycket gott att ta med sig\u201d"},"content":{"rendered":"<p><strong>FC Porto \u2013 Malm\u00f6 FF 2\u20131<\/strong><br \/>Europa League<br \/>Torsdag den 11 december<br \/>Est\u00e1dio do Dragao<\/p>\n<p><strong>M\u00e5lskyttar<\/strong><br \/>FC Porto: Samu Aghehowa (30\u2032 + 36\u2032)<br \/>Malm\u00f6 FF: Sj\u00e4lvm\u00e5l (94\u2032)<\/p>\n<p>  Anes Mravac efter f\u00f6rlusten om\u2026<\/p>\n<p><strong>\u2026matchen i stort:\u00a0<\/strong><br \/>\u2013 Vi pratade inf\u00f6r matchen om att vi m\u00e5ste g\u00f6ra grunderna f\u00f6r att kunna ge oss en chans, f\u00f6r att kunna vara med och t\u00e4vla. Och om man tittar p\u00e5 f\u00f6rsta halvlek tycker jag det var ganska j\u00e4mnt men Porto vinner naturligtvis r\u00e4ttvist. Den h\u00e4r g\u00e5ngen var det en hedersam f\u00f6rlust, till skillnad fr\u00e5n i Nottingham d\u00e4r vi inte alls var med. N\u00e4r man g\u00f6r de fundamentala sakerna p\u00e5 en bra niv\u00e5 kan man st\u00e5 upp mot s\u00e5 h\u00e4r pass bra motst\u00e5nd.<\/p>\n<p><strong>\u2026att 17-\u00e5rige Theodor Lundbergh fick spela fr\u00e5n start:\u00a0<\/strong><br \/>\u2013 Theo \u00e4r en spelare som under \u00e5ret gjort v\u00e4ldigt bra ifr\u00e5n sig b\u00e5de i P19 och p\u00e5 tr\u00e4ningarna med A-laget. Och nu k\u00e4nde vi att han n\u00e5tt den niv\u00e5n s\u00e5 att han var redo att starta. Det \u00e4r en ung och intressant spelare som jag tror kommer ge Malm\u00f6 FF mycket fram\u00f6ver.<\/p>\n<p><strong>\u2026individuella insater:<\/strong><br \/>\u2013 Jag \u00e4r v\u00e4ldigt glad \u00f6ver m\u00e5nga prestationer. Theo g\u00f6r det fint. Kenan v\u00e4xer mer och mer. Pontus \u00e4r en gigant d\u00e4r bak. Och vi fick se att vi har en till m\u00e5lvakt som spelar p\u00e5 en otroligt h\u00f6g niv\u00e5. Melker var fantastisk mot Nottingham och Robin var fantastisk idag. Det finns mycket gott fr\u00e5n den h\u00e4r matchen att ta med sig in i framtiden.<\/p>\n<p><strong>\u2026att det h\u00e4r var sista matchen som huvudtr\u00e4nare:\u00a0<\/strong><br \/>\u2013 Det \u00e4r en del av livet. Ibland tar saker och ting slut och d\u00e5 \u00e4r det bara att g\u00e5 vidare i livet. Jag tycker att vi i ledarstaben alla har gjort v\u00e5rt yttersta sedan vi tog \u00f6ver. Med lite mer skicklighet och lite mer marginaler p\u00e5 v\u00e5r sida hade vi kanske f\u00e5tt lite b\u00e4ttre resultat med oss. Jag t\u00e4nker fr\u00e4mst p\u00e5 matcherna mot Plzen, Dinamo och Panathinaikos. Det \u00e4r sm\u00e5 marginaler i de matcherna som avg\u00f6r om de blir vinst eller f\u00f6rlust. I Allsvenskan var m\u00e5let att knipa tredjeplatsen f\u00f6r att kvalificera oss f\u00f6r Europa och tyv\u00e4rr lyckades vi inte med det. Men vi gav allt.<\/p>\n","protected":false},"excerpt":{"rendered":"FC Porto \u2013 Malm\u00f6 FF 2\u20131Europa LeagueTorsdag den 11 decemberEst\u00e1dio do Dragao M\u00e5lskyttarFC Porto: Samu Aghehowa (30\u2032 +&hellip;\n","protected":false},"author":2,"featured_media":103319,"comment_status":"","ping_status":"","sticky":false,"template":"","format":"standard","meta":{"footnotes":""},"categories":[5],"tags":[22,23,26,27,17,21,24,25,28,29,15,16,18,34,31,33,32,30,19,20],"class_list":{"0":"post-103318","1":"post","2":"type-post","3":"status-publish","4":"format-standard","5":"has-post-thumbnail","7":"category-rubriker","8":"tag-breaking-news","9":"tag-breakingnews","10":"tag-featured-news","11":"tag-featurednews","12":"tag-headlines","13":"tag-huvudnyheter","14":"tag-latest-news","15":"tag-latestnews","16":"tag-main-news","17":"tag-mainnews","18":"tag-news","19":"tag-nyheter","20":"tag-rubriker","21":"tag-se","22":"tag-svenska","23":"tag-sverige","24":"tag-sweden","25":"tag-swedish","26":"tag-top-stories","27":"tag-topstories"},"share_on_mastodon":{"url":"https:\/\/pubeurope.com\/@se\/115703548647991046","error":""},"_links":{"self":[{"href":"https:\/\/www.europesays.com\/se\/wp-json\/wp\/v2\/posts\/103318","targetHints":{"allow":["GET"]}}],"collection":[{"href":"https:\/\/www.europesays.com\/se\/wp-json\/wp\/v2\/posts"}],"about":[{"href":"https:\/\/www.europesays.com\/se\/wp-json\/wp\/v2\/types\/post"}],"author":[{"embeddable":true,"href":"https:\/\/www.europesays.com\/se\/wp-json\/wp\/v2\/users\/2"}],"replies":[{"embeddable":true,"href":"https:\/\/www.europesays.com\/se\/wp-json\/wp\/v2\/comments?post=103318"}],"version-history":[{"count":0,"href":"https:\/\/www.europesays.com\/se\/wp-json\/wp\/v2\/posts\/103318\/revisions"}],"wp:featuredmedia":[{"embeddable":true,"href":"https:\/\/www.europesays.com\/se\/wp-json\/wp\/v2\/media\/103319"}],"wp:attachment":[{"href":"https:\/\/www.europesays.com\/se\/wp-json\/wp\/v2\/media?parent=103318"}],"wp:term":[{"taxonomy":"category","embeddable":true,"href":"https:\/\/www.europesays.com\/se\/wp-json\/wp\/v2\/categories?post=103318"},{"taxonomy":"post_tag","embeddable":true,"href":"https:\/\/www.europesays.com\/se\/wp-json\/wp\/v2\/tags?post=103318"}],"curies":[{"name":"wp","href":"https:\/\/api.w.org\/{rel}","templated":true}]}}