{"id":103320,"date":"2025-12-11T23:40:28","date_gmt":"2025-12-11T23:40:28","guid":{"rendered":"https:\/\/www.europesays.com\/se\/103320\/"},"modified":"2025-12-11T23:40:28","modified_gmt":"2025-12-11T23:40:28","slug":"sverige-forbereder-sig-for-att-usa-kan-bli-hot","status":"publish","type":"post","link":"https:\/\/www.europesays.com\/se\/103320\/","title":{"rendered":"Sverige f\u00f6rbereder sig f\u00f6r att USA kan bli hot"},"content":{"rendered":"<p>Publicerad 11 dec 2025 kl 16.58Uppdaterad kl 17.59<\/p>\n<p>Danmark har pekat ut USA som ett potentiellt hot mot rikets s\u00e4kerhet.<\/p>\n<p>Samma sak diskuteras nu \u00e4ven i Sverige, uppger k\u00e4llor f\u00f6r <a href=\"https:\/\/www.svd.se\/a\/OknmJE\/danmark-pekar-ut-usa-som-hot-svenskt-mardromsscenario\" rel=\"nofollow noopener\" target=\"_blank\">SvD<\/a>.<\/p>\n<p>\u2013 Om Ryssland skulle testa Natos artikel 5 genom att angripa ett land i v\u00e5rt n\u00e4romr\u00e5de? Skulle vi d\u00e5 f\u00e5 f\u00f6rvarning om det fr\u00e5n USA i dag?, s\u00e4ger en underr\u00e4ttelsek\u00e4lla.<\/p>\n<p>Senaste nyhetsklippen fr\u00e5n Expressen.<img   alt=\"\"\/><\/p>\n<p>\u00d6vning med svenskt luftf\u00f6rsvar p\u00e5 Gotland 2017.<\/p>\n<p>Foto: ANDERS WIKLUND \/ TT NYHETSBYR\u00c5N<\/p>\n<p>\u00d6ppna bild i helsk\u00e4rm<img loading=\"lazy\"   alt=\"\"\/><\/p>\n<p>USA:s president Donald Trump.<\/p>\n<p>Foto: AARON SCHWARTZ \/ POOL \/ EPA CNP POOL<\/p>\n<p>\u00d6ppna bild i helsk\u00e4rmArtikeln i korthet<\/p>\n<p> Danmark ser nu USA som ett m\u00f6jligt hot mot rikets s\u00e4kerhet.<\/p>\n<p> \u00c4ven i Sverige diskuteras minskat f\u00f6rtroende f\u00f6r USA, enligt k\u00e4llor till SvD.<\/p>\n<p> Svenska underr\u00e4ttelsetj\u00e4nster oroas \u00f6ver framtida informationsutbyte med USA.<\/p>\n<p> Det finns en r\u00e4dsla att USA inte skulle varna Sverige vid ett ryskt angrepp mot Nato.<\/p>\n<p> Experter menar att det politiska l\u00e4get i USA g\u00f6r underr\u00e4ttelsetj\u00e4nster os\u00e4kra.<\/p>\n<p>Visa mer<\/p>\n<p>N\u00e4r <a href=\"https:\/\/www.expressen.se\/tagg\/location\/danmark\/\" class=\"\" rel=\"nofollow noopener\" target=\"_blank\">Danmark<\/a> i veckan sl\u00e4ppte sin \u00e5rliga hotbildsrapport var det en sak som stack ut. F\u00f6r f\u00f6rsta g\u00e5ngen stod USA med p\u00e5 listan \u00f6ver hot mot landet.<\/p>\n<p>Beslutet kom inte helt \u00f6verraskande, d\u00e5 USA:s president Donald Trump upprepade g\u00e5nger under mandatperioden uttryckt en \u00f6nskan om att ta \u00f6ver Gr\u00f6nland. Samtidigt \u00e4r USA ett Natoland som l\u00e4nge ansetts vara en av Danmarks n\u00e4rmsta milit\u00e4ra allierade, och det sticker ut att stormakten nu utm\u00e5las som ett hot.\u00a0<\/p>\n<p>\u201dSv\u00e5rt att se\u201d<\/p>\n<p>Inget annat nordiskt lands underr\u00e4ttelsetj\u00e4nst har gjort samma sak. Men nu avsl\u00f6jar Svenska Dagbladet att tilliten till USA diskuteras \u00e4ven h\u00e4r i Sverige.<\/p>\n<p>Tidningen har pratat med flera k\u00e4llor i den svenska underr\u00e4ttelsev\u00e4rlden, bland annat inom milit\u00e4rens underr\u00e4ttelsetj\u00e4nst Must.<\/p>\n<p>\u2013 USA f\u00f6rfogar \u00f6ver de mest kvalificerade underr\u00e4ttelseorganisationerna som finns i v\u00e4rlden. B\u00e5de CIA och FBI har politiserats under den nuvarande regimen. Jag har sv\u00e5rt att se att vi kommer att kunna uppr\u00e4tth\u00e5lla det f\u00f6rtroendefulla samarbete vi tidigare haft med USA efter detta, s\u00e4ger en av k\u00e4llorna till SvD.<\/p>\n<p>F\u00f6rtroendet inte detsamma<\/p>\n<p>Fr\u00e4mst \u00e4r det just framtiden f\u00f6r informationsutbytet mellan Sverige och USA som oroar. Trump har i dagarna presenterat en ny s\u00e4kerhetsdoktrin, som utm\u00e5lar Europa som \u201dp\u00e5 v\u00e4g mot civilisatorisk utpl\u00e5ning\u201d.<\/p>\n<p>\u2013 Ska man byta k\u00e4nslig information med ett annat land m\u00e5ste man veta att den inte hamnar i fel h\u00e4nder. Jag har sv\u00e5rt att t\u00e4nka mig att f\u00f6rtroendet \u00e4r detsamma mellan Sverige och USA i dag som det varit tidigare, s\u00e4ger en k\u00e4lla till SvD.\u00a0<\/p>\n<p>Man har \u00e4ven ett nytt mardr\u00f6msscenario, d\u00e4r man tar h\u00f6jd f\u00f6r att USA kanske inte skulle varna i f\u00f6rv\u00e4g om Ryssland best\u00e4mmer sig f\u00f6r att attackera ett Natoland.<\/p>\n<p>\u2013 Om inte det \u00e4r sj\u00e4lvklart riskerar vi att hamna i en v\u00e4ldigt sv\u00e5r situation.<\/p>\n<p>\u201dUSA \u00e4r en partner\u201d<\/p>\n<p>Musts bild \u00e4r en annan \u00e4n den danska.\u00a0<\/p>\n<p>I ett mejl till Expressen skriver Thomas Nilsson, chef f\u00f6r Must, att Must under flera \u00e5r pekat p\u00e5 den s\u00e4kerhetspolitiska faran i att den europeiska s\u00e4kerhetsanordning som varit r\u00e5dande sedan andra v\u00e4rldskriget har utmanats.\u00a0<\/p>\n<p>\u201dVi har bland annat beskrivit hur den ryska ledningens m\u00e5l \u00e4r en s\u00e4kerhetsordning d\u00e4r stormakter uppr\u00e4tth\u00e5ller en global maktbalans och erk\u00e4nner varandras intressesf\u00e4rer p\u00e5 bekostnad av mindre staters suver\u00e4nitet.\u201d<\/p>\n<p>Men p\u00e5 fr\u00e5gan om det kan bli aktuellt att peka ut USA som ett hot svarar han:\u00a0<\/p>\n<p>\u201dNej, vi ser inte USA som ett hot mot Sverige. USA \u00e4r en partner av s\u00e4rskild vikt f\u00f6r oss och f\u00f6r Europa. V\u00e5ra bilaterala relationer \u00e4r mycket goda och har st\u00e4rkts ytterligare genom Natomedlemskapet. Det samarbete som vi har med bland annat USA och v\u00e5ra nordiska grannl\u00e4nder \u00e4r s\u00e4rskilt betydelsefullt f\u00f6r v\u00e5r s\u00e4kerhet.\u201d<\/p>\n<p><img alt=\"\"\/>Ljudklippet gick inte att spela upp<\/p>\n<p>F\u00f6rs\u00f6k igen senare<\/p>\n","protected":false},"excerpt":{"rendered":"Publicerad 11 dec 2025 kl 16.58Uppdaterad kl 17.59 Danmark har pekat ut USA som ett potentiellt hot mot&hellip;\n","protected":false},"author":2,"featured_media":103321,"comment_status":"","ping_status":"","sticky":false,"template":"","format":"standard","meta":{"footnotes":""},"categories":[5],"tags":[50,22,23,26,27,17,21,24,25,3123,28,29,15,16,11351,198,18,34,154,31,33,32,30,19,3756,49,20],"class_list":{"0":"post-103320","1":"post","2":"type-post","3":"status-publish","4":"format-standard","5":"has-post-thumbnail","7":"category-rubriker","8":"tag-arme-forsvar","9":"tag-breaking-news","10":"tag-breakingnews","11":"tag-featured-news","12":"tag-featurednews","13":"tag-headlines","14":"tag-huvudnyheter","15":"tag-latest-news","16":"tag-latestnews","17":"tag-location-danmark","18":"tag-main-news","19":"tag-mainnews","20":"tag-news","21":"tag-nyheter","22":"tag-organization-must","23":"tag-person-donald-trump","24":"tag-rubriker","25":"tag-se","26":"tag-sections-sverige","27":"tag-svenska","28":"tag-sverige","29":"tag-sweden","30":"tag-swedish","31":"tag-top-stories","32":"tag-topic-forsvarspolitik","33":"tag-topic-militar","34":"tag-topstories"},"share_on_mastodon":{"url":"https:\/\/pubeurope.com\/@se\/115703580174679166","error":""},"_links":{"self":[{"href":"https:\/\/www.europesays.com\/se\/wp-json\/wp\/v2\/posts\/103320","targetHints":{"allow":["GET"]}}],"collection":[{"href":"https:\/\/www.europesays.com\/se\/wp-json\/wp\/v2\/posts"}],"about":[{"href":"https:\/\/www.europesays.com\/se\/wp-json\/wp\/v2\/types\/post"}],"author":[{"embeddable":true,"href":"https:\/\/www.europesays.com\/se\/wp-json\/wp\/v2\/users\/2"}],"replies":[{"embeddable":true,"href":"https:\/\/www.europesays.com\/se\/wp-json\/wp\/v2\/comments?post=103320"}],"version-history":[{"count":0,"href":"https:\/\/www.europesays.com\/se\/wp-json\/wp\/v2\/posts\/103320\/revisions"}],"wp:featuredmedia":[{"embeddable":true,"href":"https:\/\/www.europesays.com\/se\/wp-json\/wp\/v2\/media\/103321"}],"wp:attachment":[{"href":"https:\/\/www.europesays.com\/se\/wp-json\/wp\/v2\/media?parent=103320"}],"wp:term":[{"taxonomy":"category","embeddable":true,"href":"https:\/\/www.europesays.com\/se\/wp-json\/wp\/v2\/categories?post=103320"},{"taxonomy":"post_tag","embeddable":true,"href":"https:\/\/www.europesays.com\/se\/wp-json\/wp\/v2\/tags?post=103320"}],"curies":[{"name":"wp","href":"https:\/\/api.w.org\/{rel}","templated":true}]}}