{"id":103322,"date":"2025-12-11T23:47:09","date_gmt":"2025-12-11T23:47:09","guid":{"rendered":"https:\/\/www.europesays.com\/se\/103322\/"},"modified":"2025-12-11T23:47:09","modified_gmt":"2025-12-11T23:47:09","slug":"nastan-noll-timmar-sol-i-stockholm","status":"publish","type":"post","link":"https:\/\/www.europesays.com\/se\/103322\/","title":{"rendered":"N\u00e4stan noll timmar sol i Stockholm"},"content":{"rendered":"<p>Publicerad 11 dec 2025 kl 21.47<\/p>\n<p>Stora delar av Sverige har varit t\u00e4ckt av ett gr\u00e5tt molnt\u00e4cke hela december.<\/p>\n<p>I Stockholm ligger antalet soltimmar hittills p\u00e5 0,4, vilket \u00e4r betydligt mindre \u00e4n vanligt.<\/p>\n<p>I soltoppen ligger Karlskrona \u2013 med drygt 11 timmar.<\/p>\n<p>Senaste nyhetsklippen fr\u00e5n Expressen.<img   alt=\"\"\/><\/p>\n<p>S\u00e5 h\u00e4r s\u00e5g det ut i Stockholm f\u00f6r fem \u00e5r sen, n\u00e4r det var totalt fyra soltimmar i hela december.<\/p>\n<p>Foto: MAGNUS HALLGREN \/ DN TT NYHETSBYR\u00c5N<\/p>\n<p>\u00d6ppna bild i helsk\u00e4rm<\/p>\n<p>Enligt Max Schildt, meteorolog p\u00e5 <a href=\"https:\/\/www.expressen.se\/tagg\/organization\/smhi\/\" class=\"\" rel=\"nofollow noopener\" target=\"_blank\">SMHI<\/a>, har Stockholm under 2000-talet i snitt haft 20\u201330 timmar sol i december.<\/p>\n<p>I \u00e5r \u00e4r siffran 0,4 timmar.<\/p>\n<p>\u00c4n s\u00e5 l\u00e4nge har bara en dryg tredjedel av m\u00e5naden passerat, men det \u00e4r \u00e4nd\u00e5 mindre \u00e4n vanligt.<\/p>\n<p>\u2013 Vissa \u00e5r \u00e4r det l\u00e5ngvarigt mulet v\u00e4der som g\u00f6r att solen inte syns \u00f6verhuvudtaget, s\u00e4ger Max Schildt.<\/p>\n<p>Fr\u00e5n 62 soltimmar \u2013 till 4<\/p>\n<p>Ett exempel \u00e4r 2020, d\u00e5 det var mindre \u00e4n 4 soltimmar i Stockholm i december. Det kan j\u00e4mf\u00f6ras med en ytterlighet \u00e5t andra h\u00e5llet: 62 timmar 2016.<\/p>\n<p>\u2013 Det varierar fr\u00e5n \u00e5r till \u00e5r, s\u00e4ger Max Schildt.<\/p>\n<p>Det \u00e4r allts\u00e5 inget specifikt eller ovanligt v\u00e4derfenomen som skapar det deppiga v\u00e4dret, som har drabbat \u00e4ven resten av Sverige.<\/p>\n<p>I Norrk\u00f6ping, Svenska h\u00f6garna i Stockholms sk\u00e4rg\u00e5rd och Kiruna har de till och med haft mindre sol \u00e4n Stockholm.<\/p>\n<p>I andra \u00e4nden av solligan ligger Karlskrona, som har haft mest sol i Sverige med sina 11,4 timmar hittills i december. Tv\u00e5a ligger gotl\u00e4ndska Hoburg, med 10,5 timmar.<\/p>\n<p>Resten av alla m\u00e4tstationer har haft f\u00e4rre \u00e4n 10 timmar sol, uppger SMHI f\u00f6r <a href=\"https:\/\/www.svd.se\/a\/aJ2eGL\/da-ar-solen-ater-i-basta-fall-mycket-kan-handa\" rel=\"nofollow noopener\" target=\"_blank\">Svenska Dagbladet<\/a> som ocks\u00e5 har skrivit om det gr\u00e5mulna v\u00e4dret.<\/p>\n<p>B\u00e5de l\u00e5gtryck och h\u00f6gtryck<\/p>\n<p>\u2013 Det h\u00e4r \u00e4r molnigaste tiden p\u00e5 \u00e5ret, s\u00e5 \u00e4r det, s\u00e4ger Max Schildt.<\/p>\n<p>\u2013 Vi har haft h\u00f6gtrycksv\u00e4der och det brukar p\u00e5 sommaren inneb\u00e4ra sol, men vintertid \u00e4r inte solen tillr\u00e4ckligt stark f\u00f6r att br\u00e4nna bort molnen s\u00e5 d\u00e5 \u00e4r det i st\u00f6rre utstr\u00e4ckning molnigt. Sen har vi ocks\u00e5 haft l\u00e5gtryck, som hela \u00e5ret kommer med moln och nederb\u00f6rd.<\/p>\n<p>Det ser relativt gr\u00e5tt ut \u00e4ven fram\u00e5t, \u00e4ven om prognoserna \u00e4r n\u00e5got muntrare.<\/p>\n<p>\u2013 Det skulle kunna spricka upp en del \u00f6ver norra Norrland n\u00e4rmaste dygnet, men det \u00e4r os\u00e4kert i vilken utstr\u00e4ckning och i de nordligaste delarna \u00e4r det \u00e4nd\u00e5 polarnatt. Fredag eftermiddag skulle det kunna bli lite uppluckrat molnt\u00e4cke i sydligaste Norrland. Och i b\u00f6rjan av n\u00e4sta vecka ser det ut som att mellersta Sverige kan f\u00e5 en del dagar med sol.<\/p>\n","protected":false},"excerpt":{"rendered":"Publicerad 11 dec 2025 kl 21.47 Stora delar av Sverige har varit t\u00e4ckt av ett gr\u00e5tt molnt\u00e4cke hela&hellip;\n","protected":false},"author":2,"featured_media":103323,"comment_status":"","ping_status":"","sticky":false,"template":"","format":"standard","meta":{"footnotes":""},"categories":[12],"tags":[22,23,26,27,17,21,24,25,135,28,29,15,16,288,18,34,154,31,33,32,30,19,290,20],"class_list":{"0":"post-103322","1":"post","2":"type-post","3":"status-publish","4":"format-standard","5":"has-post-thumbnail","7":"category-sverige","8":"tag-breaking-news","9":"tag-breakingnews","10":"tag-featured-news","11":"tag-featurednews","12":"tag-headlines","13":"tag-huvudnyheter","14":"tag-latest-news","15":"tag-latestnews","16":"tag-location-stockholm","17":"tag-main-news","18":"tag-mainnews","19":"tag-news","20":"tag-nyheter","21":"tag-organization-smhi","22":"tag-rubriker","23":"tag-se","24":"tag-sections-sverige","25":"tag-svenska","26":"tag-sverige","27":"tag-sweden","28":"tag-swedish","29":"tag-top-stories","30":"tag-topic-vaderprognos","31":"tag-topstories"},"share_on_mastodon":{"url":"https:\/\/pubeurope.com\/@se\/115703607786900513","error":""},"_links":{"self":[{"href":"https:\/\/www.europesays.com\/se\/wp-json\/wp\/v2\/posts\/103322","targetHints":{"allow":["GET"]}}],"collection":[{"href":"https:\/\/www.europesays.com\/se\/wp-json\/wp\/v2\/posts"}],"about":[{"href":"https:\/\/www.europesays.com\/se\/wp-json\/wp\/v2\/types\/post"}],"author":[{"embeddable":true,"href":"https:\/\/www.europesays.com\/se\/wp-json\/wp\/v2\/users\/2"}],"replies":[{"embeddable":true,"href":"https:\/\/www.europesays.com\/se\/wp-json\/wp\/v2\/comments?post=103322"}],"version-history":[{"count":0,"href":"https:\/\/www.europesays.com\/se\/wp-json\/wp\/v2\/posts\/103322\/revisions"}],"wp:featuredmedia":[{"embeddable":true,"href":"https:\/\/www.europesays.com\/se\/wp-json\/wp\/v2\/media\/103323"}],"wp:attachment":[{"href":"https:\/\/www.europesays.com\/se\/wp-json\/wp\/v2\/media?parent=103322"}],"wp:term":[{"taxonomy":"category","embeddable":true,"href":"https:\/\/www.europesays.com\/se\/wp-json\/wp\/v2\/categories?post=103322"},{"taxonomy":"post_tag","embeddable":true,"href":"https:\/\/www.europesays.com\/se\/wp-json\/wp\/v2\/tags?post=103322"}],"curies":[{"name":"wp","href":"https:\/\/api.w.org\/{rel}","templated":true}]}}