{"id":103324,"date":"2025-12-11T23:48:31","date_gmt":"2025-12-11T23:48:31","guid":{"rendered":"https:\/\/www.europesays.com\/se\/103324\/"},"modified":"2025-12-11T23:48:31","modified_gmt":"2025-12-11T23:48:31","slug":"bade-hamas-och-israel-ar-besvikna-over-rapporten","status":"publish","type":"post","link":"https:\/\/www.europesays.com\/se\/103324\/","title":{"rendered":"B\u00e5de Hamas och Israel \u00e4r besvikna \u00f6ver rapporten"},"content":{"rendered":"<p>B\u00e5de Hamas och Israel har inv\u00e4ndningar mot den Amnesty-rapport som presenterades under torsdagen. Organisationen sl\u00e5r fast att terrorgruppen begick brott mot m\u00e4nskligheten och krigsf\u00f6rbrytelser under och efter attacken mot Israel 7 oktober 2023. <\/p>\n<p>I ett uttalande s\u00e4ger Hamas att rapporten best\u00e5r av \u201dl\u00f6gner och anklagelser som sprids av den israeliska ockupationsmakten\u201d. <\/p>\n<p>Fr\u00e5n israeliskt h\u00e5ll s\u00e4ger man att rapporten \u201dl\u00e5ngt ifr\u00e5n\u201d speglar hela omfattningen av Hamas attack. Utrikesdepartementets talesperson Oren Marmorstein anklagar Amnesty f\u00f6r att vara en partisk organisation. <\/p>\n<p>Omni \u00e4r politiskt obundna och oberoende. Vi str\u00e4var efter att ge fler perspektiv p\u00e5 nyheterna. Har du fr\u00e5gor eller synpunkter kring v\u00e5r rapportering? <a href=\"https:\/\/omni.se\/bade-hamas-och-israel-ar-besvikna-over-rapporten\/a\/mailto:redaktion@omni.se\" class=\"ArticleActions_contactLink__W2F1M\" rel=\"nofollow noopener\" target=\"_blank\">Kontakta redaktionen<\/a><\/p>\n","protected":false},"excerpt":{"rendered":"B\u00e5de Hamas och Israel har inv\u00e4ndningar mot den Amnesty-rapport som presenterades under torsdagen. Organisationen sl\u00e5r fast att terrorgruppen&hellip;\n","protected":false},"author":2,"featured_media":103325,"comment_status":"","ping_status":"","sticky":false,"template":"","format":"standard","meta":{"footnotes":""},"categories":[5],"tags":[11707,22,23,26,27,122,17,21,342,24,25,28,29,124,125,15,16,18,34,31,33,32,30,19,20],"class_list":{"0":"post-103324","1":"post","2":"type-post","3":"status-publish","4":"format-standard","5":"has-post-thumbnail","7":"category-rubriker","8":"tag-amnesty-international","9":"tag-breaking-news","10":"tag-breakingnews","11":"tag-featured-news","12":"tag-featurednews","13":"tag-hamas","14":"tag-headlines","15":"tag-huvudnyheter","16":"tag-israel","17":"tag-latest-news","18":"tag-latestnews","19":"tag-main-news","20":"tag-mainnews","21":"tag-mellanostern","22":"tag-mellanosternkrisen","23":"tag-news","24":"tag-nyheter","25":"tag-rubriker","26":"tag-se","27":"tag-svenska","28":"tag-sverige","29":"tag-sweden","30":"tag-swedish","31":"tag-top-stories","32":"tag-topstories"},"share_on_mastodon":{"url":"https:\/\/pubeurope.com\/@se\/115703611631491173","error":""},"_links":{"self":[{"href":"https:\/\/www.europesays.com\/se\/wp-json\/wp\/v2\/posts\/103324","targetHints":{"allow":["GET"]}}],"collection":[{"href":"https:\/\/www.europesays.com\/se\/wp-json\/wp\/v2\/posts"}],"about":[{"href":"https:\/\/www.europesays.com\/se\/wp-json\/wp\/v2\/types\/post"}],"author":[{"embeddable":true,"href":"https:\/\/www.europesays.com\/se\/wp-json\/wp\/v2\/users\/2"}],"replies":[{"embeddable":true,"href":"https:\/\/www.europesays.com\/se\/wp-json\/wp\/v2\/comments?post=103324"}],"version-history":[{"count":0,"href":"https:\/\/www.europesays.com\/se\/wp-json\/wp\/v2\/posts\/103324\/revisions"}],"wp:featuredmedia":[{"embeddable":true,"href":"https:\/\/www.europesays.com\/se\/wp-json\/wp\/v2\/media\/103325"}],"wp:attachment":[{"href":"https:\/\/www.europesays.com\/se\/wp-json\/wp\/v2\/media?parent=103324"}],"wp:term":[{"taxonomy":"category","embeddable":true,"href":"https:\/\/www.europesays.com\/se\/wp-json\/wp\/v2\/categories?post=103324"},{"taxonomy":"post_tag","embeddable":true,"href":"https:\/\/www.europesays.com\/se\/wp-json\/wp\/v2\/tags?post=103324"}],"curies":[{"name":"wp","href":"https:\/\/api.w.org\/{rel}","templated":true}]}}