{"id":103326,"date":"2025-12-11T23:55:18","date_gmt":"2025-12-11T23:55:18","guid":{"rendered":"https:\/\/www.europesays.com\/se\/103326\/"},"modified":"2025-12-11T23:55:18","modified_gmt":"2025-12-11T23:55:18","slug":"jaktprofil-fran-dorotea-frikanns-jakt-jagare","status":"publish","type":"post","link":"https:\/\/www.europesays.com\/se\/103326\/","title":{"rendered":"Jaktprofil fr\u00e5n Dorotea frik\u00e4nns &#8211; Jakt &#038; J\u00e4gare"},"content":{"rendered":"<p>                    <a data-lightbox=\"post-96894\" href=\"https:\/\/www.jaktojagare.se\/wp-content\/uploads\/2025\/12\/salomonssonlanta-1.jpg\" data-title=\"Foto: Krister Stenlund&lt;br\/&gt;Robert Salomonsson med f\u00f6rsvarare Lisa L\u00e4nta under bj\u00f6rnjaktsr\u00e4tteg\u00e5ng i Lycksele tingsr\u00e4tt 2024.\" rel=\"nofollow noopener\" target=\"_blank\"><br \/>\n                        <img width=\"1280\" height=\"720\" src=\"https:\/\/www.europesays.com\/se\/wp-content\/uploads\/2025\/12\/salomonssonlanta-1-1280x720.jpg\" class=\"attachment-large size-large\" alt=\"\" decoding=\"async\" fetchpriority=\"high\"   itemprop=\"image\"\/>                    <\/a><\/p>\n<p>\n                        Foto: Krister Stenlund<br \/>\n                        Robert Salomonsson med f\u00f6rsvarare Lisa L\u00e4nta under bj\u00f6rnjaktsr\u00e4tteg\u00e5ng i Lycksele tingsr\u00e4tt 2024.\n                    <\/p>\n<p>Publicerad 2025-12-11 13:10<\/p>\n<p>Den v\u00e4lk\u00e4nde j\u00e4garen Robert Salomonsson fr\u00e5n Dorotea har av Lycksele tingsr\u00e4tt friats helt fr\u00e5n anklagelsen om grovt jaktbrott, efter den r\u00e4tteg\u00e5ng som g\u00e4llde en lodjursjakt i J\u00e4mtland 2022.<\/p>\n<p>Det st\u00e5r nu klart att domstolen inte bed\u00f6mer att Salomonsson eller hans jakts\u00e4llskap agerat med upps\u00e5t eller grov oaktsamhet, och \u00e5talet ogillas, rapporterar <a href=\"https:\/\/www.sverigesradio.se\/artikel\/jaktprofil-fran-dorotea-frikanns-fran-grovt-jaktbrott\" target=\"_blank\" rel=\"noopener nofollow\">Sveriges Radio<\/a>.<\/p>\n<p>Bakgrunden \u00e4r ett m\u00e5l d\u00e4r gripna misstankar riktats mot flera j\u00e4gare f\u00f6r otill\u00e5tna jaktmetoder, men tingsr\u00e4tten fann att bevisningen inte var tillr\u00e4cklig f\u00f6r en f\u00e4llande dom. Med h\u00e4nsyn till utredningen och f\u00f6rsvarets inv\u00e4ndningar menade domstolen att det inte gick att s\u00e4kerst\u00e4lla att de tilltalade agerat i strid med jaktlagens best\u00e4mmelser.<\/p>\n<p>Samtliga nekade<\/p>\n<p>Salomonsson stod \u00e5talad tillsammans med flera jaktkamrater, som alla nekade till brott, och i dag frias de allts\u00e5 helt fr\u00e5n \u00e5talet om grovt jaktbrott. Domen inneb\u00e4r att ingen av de ber\u00f6rda kommer att d\u00f6mas i detta specifika fall.<\/p>\n<p>R\u00e4tteg\u00e5ngen i Lycksele markerar slutet p\u00e5 en l\u00e5ng process d\u00e4r r\u00e4ttss\u00e4kerhet och beviskrav varit i fokus f\u00f6r diskussioner bland j\u00e4garkretsar. Den friande domen \u00e4r ett klart besked fr\u00e5n tingsr\u00e4tten om att \u00e5klagarens p\u00e5st\u00e5enden inte n\u00e5dde upp till den niv\u00e5 som kr\u00e4vs f\u00f6r f\u00e4llande dom.<\/p>\n<p>L\u00e4s <a href=\"https:\/\/www.jaktojagare.se\/?s=robert+salomonsson\" rel=\"nofollow noopener\" target=\"_blank\">tidigare artiklar<\/a> om Robert Salomonsson fr\u00e5n Jakt &amp; J\u00e4gare.<\/p>\n","protected":false},"excerpt":{"rendered":"Foto: Krister Stenlund Robert Salomonsson med f\u00f6rsvarare Lisa L\u00e4nta under bj\u00f6rnjaktsr\u00e4tteg\u00e5ng i Lycksele tingsr\u00e4tt 2024. Publicerad 2025-12-11 13:10&hellip;\n","protected":false},"author":2,"featured_media":103327,"comment_status":"","ping_status":"","sticky":false,"template":"","format":"standard","meta":{"footnotes":""},"categories":[12],"tags":[22,23,26,27,17,21,24,25,28,29,15,16,18,34,31,33,32,30,19,20],"class_list":{"0":"post-103326","1":"post","2":"type-post","3":"status-publish","4":"format-standard","5":"has-post-thumbnail","7":"category-sverige","8":"tag-breaking-news","9":"tag-breakingnews","10":"tag-featured-news","11":"tag-featurednews","12":"tag-headlines","13":"tag-huvudnyheter","14":"tag-latest-news","15":"tag-latestnews","16":"tag-main-news","17":"tag-mainnews","18":"tag-news","19":"tag-nyheter","20":"tag-rubriker","21":"tag-se","22":"tag-svenska","23":"tag-sverige","24":"tag-sweden","25":"tag-swedish","26":"tag-top-stories","27":"tag-topstories"},"share_on_mastodon":{"url":"https:\/\/pubeurope.com\/@se\/115703639464031872","error":""},"_links":{"self":[{"href":"https:\/\/www.europesays.com\/se\/wp-json\/wp\/v2\/posts\/103326","targetHints":{"allow":["GET"]}}],"collection":[{"href":"https:\/\/www.europesays.com\/se\/wp-json\/wp\/v2\/posts"}],"about":[{"href":"https:\/\/www.europesays.com\/se\/wp-json\/wp\/v2\/types\/post"}],"author":[{"embeddable":true,"href":"https:\/\/www.europesays.com\/se\/wp-json\/wp\/v2\/users\/2"}],"replies":[{"embeddable":true,"href":"https:\/\/www.europesays.com\/se\/wp-json\/wp\/v2\/comments?post=103326"}],"version-history":[{"count":0,"href":"https:\/\/www.europesays.com\/se\/wp-json\/wp\/v2\/posts\/103326\/revisions"}],"wp:featuredmedia":[{"embeddable":true,"href":"https:\/\/www.europesays.com\/se\/wp-json\/wp\/v2\/media\/103327"}],"wp:attachment":[{"href":"https:\/\/www.europesays.com\/se\/wp-json\/wp\/v2\/media?parent=103326"}],"wp:term":[{"taxonomy":"category","embeddable":true,"href":"https:\/\/www.europesays.com\/se\/wp-json\/wp\/v2\/categories?post=103326"},{"taxonomy":"post_tag","embeddable":true,"href":"https:\/\/www.europesays.com\/se\/wp-json\/wp\/v2\/tags?post=103326"}],"curies":[{"name":"wp","href":"https:\/\/api.w.org\/{rel}","templated":true}]}}