{"id":103328,"date":"2025-12-11T23:56:31","date_gmt":"2025-12-11T23:56:31","guid":{"rendered":"https:\/\/www.europesays.com\/se\/103328\/"},"modified":"2025-12-11T23:56:31","modified_gmt":"2025-12-11T23:56:31","slug":"sjukdomsfall-bakom-sparvagnsolyckan-pa-avenyn-minns-inget","status":"publish","type":"post","link":"https:\/\/www.europesays.com\/se\/103328\/","title":{"rendered":"Sjukdomsfall bakom sp\u00e5rvagnsolyckan p\u00e5 Avenyn: \u201dMinns inget\u201d"},"content":{"rendered":"<p>Natten till den 20 juni sp\u00e5rade en sp\u00e5rvagn ur i korsningen mellan Vasagatan och Kungsportsavenyn i G\u00f6teborg och k\u00f6rde rakt in i ett gatuk\u00f6k. <\/p>\n<p>Sju personer skadades, varav fyra allvarligt. Ingen miste livet i olyckan. Det finns ingen misstanke om brott, och enligt polisen \u00e4r det ett <a href=\"https:\/\/www.svt.se\/nyheter\/lokalt\/vast\/sjukdomsfall-lag-bakom-sparvagnsolyckan-pa-avenyn\" rel=\"nofollow noopener\" target=\"_blank\">pl\u00f6tsligt sjukdomsfall som orsakat kraschen<\/a>.<\/p>\n<p>Nu \u00e4r G\u00f6teborgs Sp\u00e5rv\u00e4gars utredning av h\u00e4ndelsen klar. Under en presskonferens p\u00e5 torsdagen presenterar de olycksorsaker och planerade \u00e5tg\u00e4rder. <\/p>\n<p>F\u00f6raren: \u201dMinns inget mer\u201d<\/p>\n<p>Sp\u00e5rvagnen stannade vid Vasaplatsen. H\u00e4r uppger sp\u00e5rvagnsf\u00f6raren, en man i 60-\u00e5rs\u00e5ldern som har jobbat som f\u00f6rare i flera \u00e5r, att han b\u00f6rjar k\u00e4nna sig yr och illam\u00e5ende. D\u00e4refter minns han ingenting f\u00f6rr\u00e4n han sitter p\u00e5 en b\u00e4nk utanf\u00f6r vagnen efter kraschen. <\/p>\n<p>\u201dN\u00e4r jag n\u00e4rmat mig h\u00e5llplats Vasaplatsen b\u00f6rjar jag k\u00e4nna yrsel eller n\u00e5got liknande. Jag svimmade direkt och jag minns sedan inget mer \u00e4n v\u00e5rdpersonal som trycker p\u00e5 mitt br\u00f6st och h\u00e5ller mig vaken. De vill inte att jag ska somna,\u201d skriver han i en skriftlig rapport efter h\u00e4ndelsen. <\/p>\n<p>Det har inte hittats n\u00e5gra tekniska problem p\u00e5 sp\u00e5rvagnen, utan slutsatsen \u00e4r att olyckan orsakat av ett pl\u00f6tsligt sjukdomsfall. <\/p>\n<p>F\u00f6rslaget: Bygg om s\u00e4kerhetsgreppet<\/p>\n<p>S\u00e4kerhetssystemet p\u00e5 sp\u00e5rvagnarna liknar s\u00e5 kallat d\u00f6dmansgrepp, att antingen ett k\u00f6rhandtag eller en fotpedal m\u00e5ste vara aktiverad f\u00f6r att kunna k\u00f6ra. <\/p>\n<p>Tanken \u00e4r att vagnen ska stanna om man sl\u00e4pper foten eller handtaget. S\u00e4kerhetssystemet p\u00e5 sp\u00e5rvagnen har fungerat som det ska, men eftersom sp\u00e5rvagnen inte stannat trots att f\u00f6raren har insjuknat f\u00f6resl\u00e5r utredningen att man ska se \u00f6ver systemet.<\/p>\n<p>F\u00f6rslaget \u00e4r bland annat att s\u00e4kerhetsgreppet ska byggas om s\u00e5 att det kontinuerligt m\u00e5ste \u00e5teraktiveras efter en viss tid. <\/p>\n","protected":false},"excerpt":{"rendered":"Natten till den 20 juni sp\u00e5rade en sp\u00e5rvagn ur i korsningen mellan Vasagatan och Kungsportsavenyn i G\u00f6teborg och&hellip;\n","protected":false},"author":2,"featured_media":103329,"comment_status":"","ping_status":"","sticky":false,"template":"","format":"standard","meta":{"footnotes":""},"categories":[5],"tags":[22,23,26,27,17,21,24,25,28,29,15,16,18,34,31,33,32,30,19,20],"class_list":{"0":"post-103328","1":"post","2":"type-post","3":"status-publish","4":"format-standard","5":"has-post-thumbnail","7":"category-rubriker","8":"tag-breaking-news","9":"tag-breakingnews","10":"tag-featured-news","11":"tag-featurednews","12":"tag-headlines","13":"tag-huvudnyheter","14":"tag-latest-news","15":"tag-latestnews","16":"tag-main-news","17":"tag-mainnews","18":"tag-news","19":"tag-nyheter","20":"tag-rubriker","21":"tag-se","22":"tag-svenska","23":"tag-sverige","24":"tag-sweden","25":"tag-swedish","26":"tag-top-stories","27":"tag-topstories"},"share_on_mastodon":{"url":"https:\/\/pubeurope.com\/@se\/115703642986384203","error":""},"_links":{"self":[{"href":"https:\/\/www.europesays.com\/se\/wp-json\/wp\/v2\/posts\/103328","targetHints":{"allow":["GET"]}}],"collection":[{"href":"https:\/\/www.europesays.com\/se\/wp-json\/wp\/v2\/posts"}],"about":[{"href":"https:\/\/www.europesays.com\/se\/wp-json\/wp\/v2\/types\/post"}],"author":[{"embeddable":true,"href":"https:\/\/www.europesays.com\/se\/wp-json\/wp\/v2\/users\/2"}],"replies":[{"embeddable":true,"href":"https:\/\/www.europesays.com\/se\/wp-json\/wp\/v2\/comments?post=103328"}],"version-history":[{"count":0,"href":"https:\/\/www.europesays.com\/se\/wp-json\/wp\/v2\/posts\/103328\/revisions"}],"wp:featuredmedia":[{"embeddable":true,"href":"https:\/\/www.europesays.com\/se\/wp-json\/wp\/v2\/media\/103329"}],"wp:attachment":[{"href":"https:\/\/www.europesays.com\/se\/wp-json\/wp\/v2\/media?parent=103328"}],"wp:term":[{"taxonomy":"category","embeddable":true,"href":"https:\/\/www.europesays.com\/se\/wp-json\/wp\/v2\/categories?post=103328"},{"taxonomy":"post_tag","embeddable":true,"href":"https:\/\/www.europesays.com\/se\/wp-json\/wp\/v2\/tags?post=103328"}],"curies":[{"name":"wp","href":"https:\/\/api.w.org\/{rel}","templated":true}]}}