{"id":103335,"date":"2025-12-12T00:28:07","date_gmt":"2025-12-12T00:28:07","guid":{"rendered":"https:\/\/www.europesays.com\/se\/103335\/"},"modified":"2025-12-12T00:28:07","modified_gmt":"2025-12-12T00:28:07","slug":"reddit-motsatter-sig-australisk-sociala-medier-lag-vasterbottens-kuriren","status":"publish","type":"post","link":"https:\/\/www.europesays.com\/se\/103335\/","title":{"rendered":"Reddit mots\u00e4tter sig australisk sociala medier-lag &#8211; V\u00e4sterbottens-Kuriren"},"content":{"rendered":"<ol>\n<li><a href=\"https:\/\/news.google.com\/rss\/articles\/CBMijgFBVV95cUxQSUFUYUFEb3ZSZTAxeGRkTkIxcmY0MC1vMUNzOWw0SC11QmVYX3BLVzdYT1lKTEZYaE53c2V6QThYMDhpLUFyYWhLRWlkZ1B3SGdFVVBVSkJ1UnNpSkxSaDBfd0xqX3hWdnZudzFTa0pscXBScjh5b3NhX0l6UEM5SjFDUF9fVy1UNTBKWElR?oc=5\" target=\"_blank\" rel=\"nofollow noopener\">Reddit mots\u00e4tter sig australisk sociala medier-lag<\/a>&nbsp;&nbsp;V\u00e4sterbottens-Kuriren<\/li>\n<li><a href=\"https:\/\/news.google.com\/rss\/articles\/CBMihgFBVV95cUxNZXZXbkxsbGhLZFRJdGwtMldhVmNRQ25pNkw1bHdLU1JRVWd1ZnRUOEJKa01pbWI1LTBvWG1GbkJTZXQwOE5LV0VsSmNnaHhpMGpmTjBqN2hwbGxZdVpyQmJudDE1RkJFRVdUeVh1d0dpNzRXSlk4U3BnRFhfRVV1UFVRMVEyQQ?oc=5\" target=\"_blank\" rel=\"nofollow noopener\">Reddit mots\u00e4tter sig australisk lag<\/a>&nbsp;&nbsp;Aftonbladet<\/li>\n<li><a href=\"https:\/\/news.google.com\/rss\/articles\/CBMilAFBVV95cUxQWVNSbFo2RGtfUk9hM2VyZmg4SUZKTm5VNVpzcDBOdVBaMmRBYWVRa2lPbnZIdndQRndqRk9mbVE1OWRhVGdVdjliYVBrWWdRZjNELUt1aVlYbUE2RkRmeUt1UG41QVdoMkFmakE2RGF2RGt0OUZsc1pnakFYcm5BckFpcnJCZVVIS3lpZ0lsWDhrbnly?oc=5\" target=\"_blank\" rel=\"nofollow noopener\">16-\u00e5ringar i V\u00e4rnamo om unika sociala medier-f\u00f6rbudet<\/a>&nbsp;&nbsp;Sveriges Radio<\/li>\n<li><a href=\"https:\/\/news.google.com\/rss\/articles\/CBMinAFBVV95cUxQRXNZbU1QVE5yQ3VqSkNaMzVYOGtuSGFnOG1ubzFYZGlzMVhOcHBFdWJYZzgtajhHRVF2SExndzNkWEgtT2VsTXVaSjJaejRWdXNpd2ZLY3ZERWhtNmtpcWFqQ2dQXzk4bC1LQzlZNnVjSjJ6U0lnSVhfTlNNSzJMLVpDREk0QkdSQWlDY3ZZVkhUejdoVlZnWG45Qk8?oc=5\" target=\"_blank\" rel=\"nofollow noopener\">Australiens unika f\u00f6rbud mot sociala medier har tr\u00e4tt i kraft<\/a>&nbsp;&nbsp;SVT Nyheter<\/li>\n<li><a href=\"https:\/\/news.google.com\/rss\/articles\/CBMifEFVX3lxTFByVGc3cWxnalNXTHRTWnBBODRGeFRaWnREcjZNS1pSN3N0bVJOYVlDUjFpX1FFemxLNUdOQU5WbWNQeGl3TFo2MUNjcnUxWndJbjRvb2tpY1ZPbFltTXlIU2NJcDdOZ2lEemVhSlI2ZFkySV9kS2ZMMkRBMjg?oc=5\" target=\"_blank\" rel=\"nofollow noopener\">Nu f\u00f6rbjuds sociala medier f\u00f6r barn<\/a>&nbsp;&nbsp;SvD<\/li>\n<\/ol>\n","protected":false},"excerpt":{"rendered":"Reddit mots\u00e4tter sig australisk sociala medier-lag&nbsp;&nbsp;V\u00e4sterbottens-Kuriren Reddit mots\u00e4tter sig australisk lag&nbsp;&nbsp;Aftonbladet 16-\u00e5ringar i V\u00e4rnamo om unika sociala medier-f\u00f6rbudet&nbsp;&nbsp;Sveriges&hellip;\n","protected":false},"author":2,"featured_media":103336,"comment_status":"","ping_status":"","sticky":false,"template":"","format":"standard","meta":{"footnotes":""},"categories":[5],"tags":[22,23,26,27,17,21,24,25,28,29,15,16,18,34,31,33,32,30,19,20],"class_list":{"0":"post-103335","1":"post","2":"type-post","3":"status-publish","4":"format-standard","5":"has-post-thumbnail","7":"category-rubriker","8":"tag-breaking-news","9":"tag-breakingnews","10":"tag-featured-news","11":"tag-featurednews","12":"tag-headlines","13":"tag-huvudnyheter","14":"tag-latest-news","15":"tag-latestnews","16":"tag-main-news","17":"tag-mainnews","18":"tag-news","19":"tag-nyheter","20":"tag-rubriker","21":"tag-se","22":"tag-svenska","23":"tag-sverige","24":"tag-sweden","25":"tag-swedish","26":"tag-top-stories","27":"tag-topstories"},"share_on_mastodon":{"url":"https:\/\/pubeurope.com\/@se\/115703768835702617","error":""},"_links":{"self":[{"href":"https:\/\/www.europesays.com\/se\/wp-json\/wp\/v2\/posts\/103335","targetHints":{"allow":["GET"]}}],"collection":[{"href":"https:\/\/www.europesays.com\/se\/wp-json\/wp\/v2\/posts"}],"about":[{"href":"https:\/\/www.europesays.com\/se\/wp-json\/wp\/v2\/types\/post"}],"author":[{"embeddable":true,"href":"https:\/\/www.europesays.com\/se\/wp-json\/wp\/v2\/users\/2"}],"replies":[{"embeddable":true,"href":"https:\/\/www.europesays.com\/se\/wp-json\/wp\/v2\/comments?post=103335"}],"version-history":[{"count":0,"href":"https:\/\/www.europesays.com\/se\/wp-json\/wp\/v2\/posts\/103335\/revisions"}],"wp:featuredmedia":[{"embeddable":true,"href":"https:\/\/www.europesays.com\/se\/wp-json\/wp\/v2\/media\/103336"}],"wp:attachment":[{"href":"https:\/\/www.europesays.com\/se\/wp-json\/wp\/v2\/media?parent=103335"}],"wp:term":[{"taxonomy":"category","embeddable":true,"href":"https:\/\/www.europesays.com\/se\/wp-json\/wp\/v2\/categories?post=103335"},{"taxonomy":"post_tag","embeddable":true,"href":"https:\/\/www.europesays.com\/se\/wp-json\/wp\/v2\/tags?post=103335"}],"curies":[{"name":"wp","href":"https:\/\/api.w.org\/{rel}","templated":true}]}}