{"id":103337,"date":"2025-12-12T00:36:14","date_gmt":"2025-12-12T00:36:14","guid":{"rendered":"https:\/\/www.europesays.com\/se\/103337\/"},"modified":"2025-12-12T00:36:14","modified_gmt":"2025-12-12T00:36:14","slug":"thailands-kung-godkanner-upplosning-av-parlamentet","status":"publish","type":"post","link":"https:\/\/www.europesays.com\/se\/103337\/","title":{"rendered":"Thailands kung godk\u00e4nner uppl\u00f6sning av parlamentet"},"content":{"rendered":"<p>Uppl\u00f6sningen kommer i k\u00f6lvattnet av ett politiskt d\u00f6dl\u00e4ge i landet. <\/p>\n<p>Premi\u00e4rminister Anutin Charnvirakul ans\u00f6kte om uppl\u00f6sning efter misslyckade f\u00f6rs\u00f6k att enas om konstitutionella reformer i parlamentet. Han s\u00e4ger att han vill \u201d\u00e5terl\u00e4mna makten till folket\u201d.<\/p>\n<p>Enligt Thailands grundlag m\u00e5ste ett allm\u00e4nt val h\u00e5llas inom 45\u201360 dagar efter att parlamentet uppl\u00f6ses. Det betyder att det nya valet v\u00e4ntas senast i b\u00f6rjan av februari 2026, om inte datum s\u00e4tts tidigare.<\/p>\n<p>Texten uppdateras. <\/p>\n","protected":false},"excerpt":{"rendered":"Uppl\u00f6sningen kommer i k\u00f6lvattnet av ett politiskt d\u00f6dl\u00e4ge i landet. Premi\u00e4rminister Anutin Charnvirakul ans\u00f6kte om uppl\u00f6sning efter misslyckade&hellip;\n","protected":false},"author":2,"featured_media":103338,"comment_status":"","ping_status":"","sticky":false,"template":"","format":"standard","meta":{"footnotes":""},"categories":[5],"tags":[22,23,26,27,17,21,24,25,28,29,15,16,18,34,31,33,32,30,19,20],"class_list":{"0":"post-103337","1":"post","2":"type-post","3":"status-publish","4":"format-standard","5":"has-post-thumbnail","7":"category-rubriker","8":"tag-breaking-news","9":"tag-breakingnews","10":"tag-featured-news","11":"tag-featurednews","12":"tag-headlines","13":"tag-huvudnyheter","14":"tag-latest-news","15":"tag-latestnews","16":"tag-main-news","17":"tag-mainnews","18":"tag-news","19":"tag-nyheter","20":"tag-rubriker","21":"tag-se","22":"tag-svenska","23":"tag-sverige","24":"tag-sweden","25":"tag-swedish","26":"tag-top-stories","27":"tag-topstories"},"share_on_mastodon":{"url":"https:\/\/pubeurope.com\/@se\/115703800358469244","error":""},"_links":{"self":[{"href":"https:\/\/www.europesays.com\/se\/wp-json\/wp\/v2\/posts\/103337","targetHints":{"allow":["GET"]}}],"collection":[{"href":"https:\/\/www.europesays.com\/se\/wp-json\/wp\/v2\/posts"}],"about":[{"href":"https:\/\/www.europesays.com\/se\/wp-json\/wp\/v2\/types\/post"}],"author":[{"embeddable":true,"href":"https:\/\/www.europesays.com\/se\/wp-json\/wp\/v2\/users\/2"}],"replies":[{"embeddable":true,"href":"https:\/\/www.europesays.com\/se\/wp-json\/wp\/v2\/comments?post=103337"}],"version-history":[{"count":0,"href":"https:\/\/www.europesays.com\/se\/wp-json\/wp\/v2\/posts\/103337\/revisions"}],"wp:featuredmedia":[{"embeddable":true,"href":"https:\/\/www.europesays.com\/se\/wp-json\/wp\/v2\/media\/103338"}],"wp:attachment":[{"href":"https:\/\/www.europesays.com\/se\/wp-json\/wp\/v2\/media?parent=103337"}],"wp:term":[{"taxonomy":"category","embeddable":true,"href":"https:\/\/www.europesays.com\/se\/wp-json\/wp\/v2\/categories?post=103337"},{"taxonomy":"post_tag","embeddable":true,"href":"https:\/\/www.europesays.com\/se\/wp-json\/wp\/v2\/tags?post=103337"}],"curies":[{"name":"wp","href":"https:\/\/api.w.org\/{rel}","templated":true}]}}