{"id":103346,"date":"2025-12-12T01:31:24","date_gmt":"2025-12-12T01:31:24","guid":{"rendered":"https:\/\/www.europesays.com\/se\/103346\/"},"modified":"2025-12-12T01:31:24","modified_gmt":"2025-12-12T01:31:24","slug":"mote-i-lviv-ska-hjalpa-ukraina-till-eu-2","status":"publish","type":"post","link":"https:\/\/www.europesays.com\/se\/103346\/","title":{"rendered":"M\u00f6te i Lviv ska hj\u00e4lpa Ukraina till EU"},"content":{"rendered":"<p class=\"boxtextgrotesk-root_baa6 hyperion-css-7pajle\">Publicerad 2025-12-11 15.40<\/p>\n<p>share-arrowDela<\/p>\n<p>unsaveSpara<\/p>\n<p>expand-left<\/p>\n<p>helsk\u00e4rm<img decoding=\"async\" class=\"image-asset hyperion-css-u06ts1\" data-test-tag=\"image-asset\" src=\"https:\/\/www.europesays.com\/se\/wp-content\/uploads\/2025\/12\/2ce48918-6786-4b17-905a-ba86f96fb3b3\"  alt=\"Ukrainas EU-minister Taras Katjka, Danmarks EU-minister Marie Bjerre och EU:s utvidgningskommission\u00e4r Marta Kos p\u00e5 en presskonferens i Lviv p\u00e5 torsdagen.\"  loading=\"eager\" fetchpriority=\"high\" style=\"aspect-ratio:1900 \/ 1267\"\/>Ukrainas EU-minister Taras Katjka, Danmarks EU-minister Marie Bjerre och EU:s utvidgningskommission\u00e4r Marta Kos p\u00e5 en presskonferens i Lviv p\u00e5 torsdagen. Foto: Evgeniy Maloletka\/AP\/TT<\/p>\n<p class=\"hyperion-css-1shl3oz\" data-test-tag=\"lead-text\">Envist nej fr\u00e5n Ungern g\u00f6r att EU fortsatt f\u00e5r n\u00f6ja sig med att f\u00f6rbereda, men inte f\u00f6rhandla, ett medlemskap f\u00f6r Ukraina.<\/p>\n<p class=\"hyperion-css-1v9qo5x\">Att alla formella medlemsf\u00f6rhandlingar blockeras av Ungern \u00e4r b\u00e5de beklagligt och oacceptabelt, anser EU-minister Jessica Rosencrantz (M).<\/p>\n<p class=\"hyperion-css-1v9qo5x\">\u2013 Det \u00e4r i strid med det ramverk som vi har kommit \u00f6verens om. Vi har alla sagt att n\u00e4r ett kandidatland lever upp till de krav som vi st\u00e4ller s\u00e5 ska vi ocks\u00e5 inleda medlemskapsf\u00f6rhandlingar, s\u00e4ger hon p\u00e5 telefon till TT, p\u00e5 v\u00e4g tillbaka fr\u00e5n ett EU-ministerm\u00f6te i Lviv i v\u00e4stra Ukraina.<\/p>\n<p class=\"hyperion-css-1v9qo5x\">Tills vidare f\u00e5r \u00f6vriga EU n\u00f6ja sig med att rent tekniskt hj\u00e4lpa Ukraina att vara s\u00e5 f\u00f6rberedda som m\u00f6jligt den dagen \u2013 om n\u00e5gonsin \u2013 som Ungern lyfter sitt veto.<\/p>\n<p class=\"hyperion-css-1v9qo5x\">Parallellt trycks ocks\u00e5 h\u00e5rt p\u00e5 behovet av fortsatt arbete mot korruption. Turerna kring nyligen sparkade r\u00e5dgivare och ministrar i Ukraina ses som exempel p\u00e5 att det arbetet fungerar.<\/p>\n<p class=\"hyperion-css-1v9qo5x\">\u2013 Att man uppt\u00e4cker det visar att det finns en institutionell f\u00f6rm\u00e5ga. Men det \u00e4r sj\u00e4lvklart n\u00e5got som vi tar p\u00e5 stort allvar, s\u00e4ger Rosencrantz.<\/p>\n","protected":false},"excerpt":{"rendered":"Publicerad 2025-12-11 15.40 share-arrowDela unsaveSpara expand-left helsk\u00e4rmUkrainas EU-minister Taras Katjka, Danmarks EU-minister Marie Bjerre och EU:s utvidgningskommission\u00e4r Marta&hellip;\n","protected":false},"author":2,"featured_media":103347,"comment_status":"","ping_status":"","sticky":false,"template":"","format":"standard","meta":{"footnotes":""},"categories":[14],"tags":[22,23,26,27,17,21,24,25,28,29,15,16,18,34,31,33,32,30,19,20,51,52,53,54],"class_list":{"0":"post-103346","1":"post","2":"type-post","3":"status-publish","4":"format-standard","5":"has-post-thumbnail","7":"category-varlden","8":"tag-breaking-news","9":"tag-breakingnews","10":"tag-featured-news","11":"tag-featurednews","12":"tag-headlines","13":"tag-huvudnyheter","14":"tag-latest-news","15":"tag-latestnews","16":"tag-main-news","17":"tag-mainnews","18":"tag-news","19":"tag-nyheter","20":"tag-rubriker","21":"tag-se","22":"tag-svenska","23":"tag-sverige","24":"tag-sweden","25":"tag-swedish","26":"tag-top-stories","27":"tag-topstories","28":"tag-varlden","29":"tag-world","30":"tag-world-news","31":"tag-worldnews"},"share_on_mastodon":{"url":"https:\/\/pubeurope.com\/@se\/115704016799067038","error":""},"_links":{"self":[{"href":"https:\/\/www.europesays.com\/se\/wp-json\/wp\/v2\/posts\/103346","targetHints":{"allow":["GET"]}}],"collection":[{"href":"https:\/\/www.europesays.com\/se\/wp-json\/wp\/v2\/posts"}],"about":[{"href":"https:\/\/www.europesays.com\/se\/wp-json\/wp\/v2\/types\/post"}],"author":[{"embeddable":true,"href":"https:\/\/www.europesays.com\/se\/wp-json\/wp\/v2\/users\/2"}],"replies":[{"embeddable":true,"href":"https:\/\/www.europesays.com\/se\/wp-json\/wp\/v2\/comments?post=103346"}],"version-history":[{"count":0,"href":"https:\/\/www.europesays.com\/se\/wp-json\/wp\/v2\/posts\/103346\/revisions"}],"wp:featuredmedia":[{"embeddable":true,"href":"https:\/\/www.europesays.com\/se\/wp-json\/wp\/v2\/media\/103347"}],"wp:attachment":[{"href":"https:\/\/www.europesays.com\/se\/wp-json\/wp\/v2\/media?parent=103346"}],"wp:term":[{"taxonomy":"category","embeddable":true,"href":"https:\/\/www.europesays.com\/se\/wp-json\/wp\/v2\/categories?post=103346"},{"taxonomy":"post_tag","embeddable":true,"href":"https:\/\/www.europesays.com\/se\/wp-json\/wp\/v2\/tags?post=103346"}],"curies":[{"name":"wp","href":"https:\/\/api.w.org\/{rel}","templated":true}]}}