{"id":103352,"date":"2025-12-12T02:37:11","date_gmt":"2025-12-12T02:37:11","guid":{"rendered":"https:\/\/www.europesays.com\/se\/103352\/"},"modified":"2025-12-12T02:37:11","modified_gmt":"2025-12-12T02:37:11","slug":"hacken-utslaget-ur-conference-league-vasterbottens-kuriren","status":"publish","type":"post","link":"https:\/\/www.europesays.com\/se\/103352\/","title":{"rendered":"H\u00e4cken utslaget ur Conference League &#8211; V\u00e4sterbottens-Kuriren"},"content":{"rendered":"<ol>\n<li><a href=\"https:\/\/news.google.com\/rss\/articles\/CBMie0FVX3lxTE11N0V5NDdQMG9QUUwyOFdscTZLdXBZWmw2X1k1QzJQVEFfX1FrS2M1Q1lLak94eEJEdzY3dEVCa00zUEpTUVN1V1JGMlRvS2tNVU5HM0JqdDFuaXh1a1FmQlFONnREemlZbGFCdWRGdUtzUmIwNkxkNnZlNA?oc=5\" target=\"_blank\" rel=\"nofollow noopener\">H\u00e4cken utslaget ur Conference League<\/a>&nbsp;&nbsp;V\u00e4sterbottens-Kuriren<\/li>\n<li><a href=\"https:\/\/news.google.com\/rss\/articles\/CBMilgFBVV95cUxORUF5dTNwNTExdjhpcjJ1eVBFdnNLeDN1TnpRNHkyWmc1THF3c19UeUUyQXZuSU40TElBeWt5MUlRY2FRMlZFUXhudHY2MFVBWmxCZHd6bDJuSjNQdURpejdiRVNoM3lrSG1qaVVFckQ5a3V6VFpCVG5TSE90djhNbUZpdHFxMGpmZUtjTjNMREZyd1VxVkE?oc=5\" target=\"_blank\" rel=\"nofollow noopener\">KLART: H\u00e4cken ute ur Conference League<\/a>&nbsp;&nbsp;Aftonbladet<\/li>\n<li><a href=\"https:\/\/news.google.com\/rss\/articles\/CBMiekFVX3lxTE9nVFdaSXpGNHZhWlFaLVVKOHRDMGNmTjZkZXNsWjh0THo3cTFCZmpUYjE0MVRNcDg1N1p6ZXo4ZTlXTGV3SWNxSHRoSVRVRzRLRHdJTXlSOUViN09aX2pmQUNlc2dJZ2xFWWRDNWVFaElOcUVDaE1LUlNR?oc=5\" target=\"_blank\" rel=\"nofollow noopener\">Fotboll: H\u00e4cken utslaget ur Conference League<\/a>&nbsp;&nbsp;SVT Nyheter<\/li>\n<li><a href=\"https:\/\/news.google.com\/rss\/articles\/CBMingFBVV95cUxOa2xILXhjOUh2cmxxbUh5MkdmamRxYjQ5YmdNdlFQWm9ZMGtwZXFSdWZITExsYjY5cXlBWk56TXJmU1BRalJyLUJRRG95Zmh4VFhEb3lqb3hmOFJIb1NHa25pZzJHOFNaeG1FYmZoTGpQQ0dxZFRZdXVYTGFPbXBjODk2X1JZYmstejN6UFRDVDZCVmdnYjdoZWtDV3Qzdw?oc=5\" target=\"_blank\" rel=\"nofollow noopener\">Inget slutspel f\u00f6r H\u00e4cken: \u201dMan straffas i Europa\u201d<\/a>&nbsp;&nbsp;Sveriges Radio<\/li>\n<li><a href=\"https:\/\/news.google.com\/rss\/articles\/CBMikAFBVV95cUxNWWZJc2VQdVRFNS1kcVhPOXNpUDRYSjJtRVZjbWc1ZHVzblZHQmRubzJxVXo4WlBBckFDY2FJVTMxaVdsbVZ5WnBXUWZ4LUdqYjhRZnJidnZFVFRtamNVeHhkZko3S01vMHExMzFxM0NXYlIteDB2Vl9Eb3NobGUwUVZwRXN0WmpzSlQ2YlFpbG0?oc=5\" target=\"_blank\" rel=\"nofollow noopener\">Matchtruppen till den tredje hemmamatchen i Conference League<\/a>&nbsp;&nbsp;BK H\u00e4cken<\/li>\n<\/ol>\n","protected":false},"excerpt":{"rendered":"H\u00e4cken utslaget ur Conference League&nbsp;&nbsp;V\u00e4sterbottens-Kuriren KLART: H\u00e4cken ute ur Conference League&nbsp;&nbsp;Aftonbladet Fotboll: H\u00e4cken utslaget ur Conference League&nbsp;&nbsp;SVT Nyheter&hellip;\n","protected":false},"author":2,"featured_media":103353,"comment_status":"","ping_status":"","sticky":false,"template":"","format":"standard","meta":{"footnotes":""},"categories":[5],"tags":[22,23,26,27,17,21,24,25,28,29,15,16,18,34,31,33,32,30,19,20],"class_list":{"0":"post-103352","1":"post","2":"type-post","3":"status-publish","4":"format-standard","5":"has-post-thumbnail","7":"category-rubriker","8":"tag-breaking-news","9":"tag-breakingnews","10":"tag-featured-news","11":"tag-featurednews","12":"tag-headlines","13":"tag-huvudnyheter","14":"tag-latest-news","15":"tag-latestnews","16":"tag-main-news","17":"tag-mainnews","18":"tag-news","19":"tag-nyheter","20":"tag-rubriker","21":"tag-se","22":"tag-svenska","23":"tag-sverige","24":"tag-sweden","25":"tag-swedish","26":"tag-top-stories","27":"tag-topstories"},"share_on_mastodon":{"url":"https:\/\/pubeurope.com\/@se\/115704276183092090","error":""},"_links":{"self":[{"href":"https:\/\/www.europesays.com\/se\/wp-json\/wp\/v2\/posts\/103352","targetHints":{"allow":["GET"]}}],"collection":[{"href":"https:\/\/www.europesays.com\/se\/wp-json\/wp\/v2\/posts"}],"about":[{"href":"https:\/\/www.europesays.com\/se\/wp-json\/wp\/v2\/types\/post"}],"author":[{"embeddable":true,"href":"https:\/\/www.europesays.com\/se\/wp-json\/wp\/v2\/users\/2"}],"replies":[{"embeddable":true,"href":"https:\/\/www.europesays.com\/se\/wp-json\/wp\/v2\/comments?post=103352"}],"version-history":[{"count":0,"href":"https:\/\/www.europesays.com\/se\/wp-json\/wp\/v2\/posts\/103352\/revisions"}],"wp:featuredmedia":[{"embeddable":true,"href":"https:\/\/www.europesays.com\/se\/wp-json\/wp\/v2\/media\/103353"}],"wp:attachment":[{"href":"https:\/\/www.europesays.com\/se\/wp-json\/wp\/v2\/media?parent=103352"}],"wp:term":[{"taxonomy":"category","embeddable":true,"href":"https:\/\/www.europesays.com\/se\/wp-json\/wp\/v2\/categories?post=103352"},{"taxonomy":"post_tag","embeddable":true,"href":"https:\/\/www.europesays.com\/se\/wp-json\/wp\/v2\/tags?post=103352"}],"curies":[{"name":"wp","href":"https:\/\/api.w.org\/{rel}","templated":true}]}}