{"id":103356,"date":"2025-12-12T03:16:08","date_gmt":"2025-12-12T03:16:08","guid":{"rendered":"https:\/\/www.europesays.com\/se\/103356\/"},"modified":"2025-12-12T03:16:08","modified_gmt":"2025-12-12T03:16:08","slug":"webbsandning-och-kallelse-av-kommunfullmaktige-15-december-klockan-1300-ornskoldsviks-kommun","status":"publish","type":"post","link":"https:\/\/www.europesays.com\/se\/103356\/","title":{"rendered":"Webbs\u00e4ndning och kallelse av kommunfullm\u00e4ktige 15 december klockan 13:00 &#8211; \u00d6rnsk\u00f6ldsviks kommun"},"content":{"rendered":"<ol>\n<li><a href=\"https:\/\/news.google.com\/rss\/articles\/CBMiugFBVV95cUxNeDZad0puZU1Pc1EyTVpuSFY4eWZ6bF9OUUQ1Tzg1YU81MWViSDY2b0pBWEpLMk8yME1ILWZuVGxlQ2N3Z3hwWnJxdXhXb0xlcUhJbXFRX21OcWlpbGwtLTBOWXlJZHRKVGpaVHFfTFU3NHFmNTBLVE82bW5FdWx1bDRNc0toQmx3T2F1ZW9zc3pZNDVkd3RXdDVlWldSaWZvOVliVG9yTWsyczZqbV9QZkNDd010eF9oR2c?oc=5\" target=\"_blank\" rel=\"nofollow noopener\">Webbs\u00e4ndning och kallelse av kommunfullm\u00e4ktige 15 december klockan 13:00<\/a>&nbsp;&nbsp;\u00d6rnsk\u00f6ldsviks kommun<\/li>\n<li><a href=\"https:\/\/news.google.com\/rss\/articles\/CBMi2AFBVV95cUxPWWpWSGVzRmxyRWx6UzR6NlJXYkxWOS0tRDY4V1Y1R0dMdm9NMGMzRW5DME9lcHdWUDVWT1BTdVcwSFl2Y2NrYVNPdjNtOUtDUWdMQzljWUdOalFKTGRjbXpTQmZySlFDNmpzempuVmVtelRGQmxBVG9XUjlJS3R6Zllzc2NHcFMyZUVFSFdqSmVucXYzTXNJR1U3R0FaT3FfX09BdHFQejctM1V0U2Z2ODNyZmREMV9lTkFXNnNnSVh1UHB1b19JYl9HUEEyNEJGZnhZeTcyeGY?oc=5\" target=\"_blank\" rel=\"nofollow noopener\">Kommunfullm\u00e4ktige i webb-TV<\/a>&nbsp;&nbsp;Harnosand.se<\/li>\n<li><a href=\"https:\/\/news.google.com\/rss\/articles\/CBMimgFBVV95cUxPRDRZTkxpNTM3d1JpcFRYUF80WTczMDMtelhBVmhGd0d3NFRxVGtvZDM4eXR5TXI1WUlPMHZ5WVNra0pLYnpTaUl3YVN6c1NCQVhpck01SjA2UVgwRVloMUpJUjdDMGRkTWxFWnJWYUdtSlJCSTR2c2xrQ2EtU0gtLV9JdHZWV0NTUjJZVVZ0UF92dXpTTnRRbV9B?oc=5\" target=\"_blank\" rel=\"nofollow noopener\">Det h\u00e4nde p\u00e5 fullm\u00e4ktige i december 2025<\/a>&nbsp;&nbsp;Link\u00f6pings kommun<\/li>\n<li><a href=\"https:\/\/news.google.com\/rss\/articles\/CBMihwFBVV95cUxPWUtBRkI4RGRNYmNEeWtud0gtbGlvNTgxWFQ1SXhVRVVUdVhPSDNRSjRIUm96TW9xVTZXNUxzb2ZLUGhYWndRVzctSmRLRS1DNHltTjFEV2FBV2xyV0gxeXJnWUxXY1NxV0V0eWc2ZXcyaVdMQlpvTUN6OWxpT3I1UDVyckVuY1E?oc=5\" target=\"_blank\" rel=\"nofollow noopener\">F\u00f6lj kommunfullm\u00e4ktige den 15 december via webben<\/a>&nbsp;&nbsp;Haninge kommun<\/li>\n<li><a href=\"https:\/\/news.google.com\/rss\/articles\/CBMiqAFBVV95cUxPb2JZcF9SaDdDODJkZ1BTNVBGOXN3RUpZLVZ0bmViV3NOM1BPaGFqWGdYSExMdVVETEhzRVNNS1FqNE5LUVBJdnE1Y1BSaVkzOWFLUnJPakRTRFJyRThveUxQcEc1QlZGQ1MtR2hDVjZvRFdDQUgwTEhGWmE3bXI5aHNYSGUzOWViYzNQRkpGT2lnNHlhR3BIQ25DMWktNjZIek5jdHUtSU0?oc=5\" target=\"_blank\" rel=\"nofollow noopener\">Webbs\u00e4ndning: Kommunfullm\u00e4ktige 9 december 2025<\/a>&nbsp;&nbsp;Karlskoga kommun<\/li>\n<\/ol>\n","protected":false},"excerpt":{"rendered":"Webbs\u00e4ndning och kallelse av kommunfullm\u00e4ktige 15 december klockan 13:00&nbsp;&nbsp;\u00d6rnsk\u00f6ldsviks kommun Kommunfullm\u00e4ktige i webb-TV&nbsp;&nbsp;Harnosand.se Det h\u00e4nde p\u00e5 fullm\u00e4ktige i&hellip;\n","protected":false},"author":2,"featured_media":103357,"comment_status":"","ping_status":"","sticky":false,"template":"","format":"standard","meta":{"footnotes":""},"categories":[12],"tags":[22,23,26,27,17,21,24,25,28,29,15,16,18,34,31,33,32,30,19,20],"class_list":{"0":"post-103356","1":"post","2":"type-post","3":"status-publish","4":"format-standard","5":"has-post-thumbnail","7":"category-sverige","8":"tag-breaking-news","9":"tag-breakingnews","10":"tag-featured-news","11":"tag-featurednews","12":"tag-headlines","13":"tag-huvudnyheter","14":"tag-latest-news","15":"tag-latestnews","16":"tag-main-news","17":"tag-mainnews","18":"tag-news","19":"tag-nyheter","20":"tag-rubriker","21":"tag-se","22":"tag-svenska","23":"tag-sverige","24":"tag-sweden","25":"tag-swedish","26":"tag-top-stories","27":"tag-topstories"},"share_on_mastodon":{"url":"https:\/\/pubeurope.com\/@se\/115704429533769937","error":""},"_links":{"self":[{"href":"https:\/\/www.europesays.com\/se\/wp-json\/wp\/v2\/posts\/103356","targetHints":{"allow":["GET"]}}],"collection":[{"href":"https:\/\/www.europesays.com\/se\/wp-json\/wp\/v2\/posts"}],"about":[{"href":"https:\/\/www.europesays.com\/se\/wp-json\/wp\/v2\/types\/post"}],"author":[{"embeddable":true,"href":"https:\/\/www.europesays.com\/se\/wp-json\/wp\/v2\/users\/2"}],"replies":[{"embeddable":true,"href":"https:\/\/www.europesays.com\/se\/wp-json\/wp\/v2\/comments?post=103356"}],"version-history":[{"count":0,"href":"https:\/\/www.europesays.com\/se\/wp-json\/wp\/v2\/posts\/103356\/revisions"}],"wp:featuredmedia":[{"embeddable":true,"href":"https:\/\/www.europesays.com\/se\/wp-json\/wp\/v2\/media\/103357"}],"wp:attachment":[{"href":"https:\/\/www.europesays.com\/se\/wp-json\/wp\/v2\/media?parent=103356"}],"wp:term":[{"taxonomy":"category","embeddable":true,"href":"https:\/\/www.europesays.com\/se\/wp-json\/wp\/v2\/categories?post=103356"},{"taxonomy":"post_tag","embeddable":true,"href":"https:\/\/www.europesays.com\/se\/wp-json\/wp\/v2\/tags?post=103356"}],"curies":[{"name":"wp","href":"https:\/\/api.w.org\/{rel}","templated":true}]}}