{"id":103358,"date":"2025-12-12T03:17:20","date_gmt":"2025-12-12T03:17:20","guid":{"rendered":"https:\/\/www.europesays.com\/se\/103358\/"},"modified":"2025-12-12T03:17:20","modified_gmt":"2025-12-12T03:17:20","slug":"hizbollah-hamas-och-karteller-har-tagit-over-i-venezuela","status":"publish","type":"post","link":"https:\/\/www.europesays.com\/se\/103358\/","title":{"rendered":"Hizbollah, Hamas och karteller har tagit \u00f6ver i Venezuela"},"content":{"rendered":"<p class=\"kicker t16 tm16 primary color_mobile_primary\" style=\"\">Nobelpriset<\/p>\n<p>\n        Den venezuelanska fredspristagaren Mar\u00eda Corina Machado anl\u00e4nde till Oslo strax f\u00f6re midnatt p\u00e5 onsdagen.<br \/>\n        Jonas Been Henriksen\/NTB\/TT\n    <\/p>\n<p>    Venezuela kommer att bli fritt, fastsl\u00e5r Mar\u00eda Corina Machado p\u00e5 plats i Oslo \u2013 och f\u00f6rsvarar st\u00f6det f\u00f6r USA:s upptrappade Venezuelapolitik.<\/p>\n<p>\u2013 Vi har de ryska agenterna, de iranska agenterna, terroristgrupper som Hizbollah och Hamas och drogkarteller som har tagit \u00f6ver, s\u00e4ger hon.<\/p>\n<p>Mar\u00eda Corina\u00a0Machado, prisad f\u00f6r sin kamp f\u00f6r demokrati i hemlandet Venezuela, ler n\u00e4r hon under sin f\u00f6rsta presstr\u00e4ff i Norge talar om framtiden.<\/p>\n<p>\u2013 Jag f\u00f6rs\u00e4krar er om att jag \u00e4r v\u00e4ldigt hoppfull. Jag l\u00e4ngtar till den dagen d\u00e5 vi kan v\u00e4lkomna er alla till ett fritt Venezuela, s\u00e4ger hon till pressk\u00e5ren i stortinget.<\/p>\n<p>Efter en dramatisk flykt anl\u00e4nde\u00a0Machado\u00a0till den norska huvudstaden sent p\u00e5 onsdagen, knappt ett halvt dygn efter att hennes dotter mottagit fredspriset \u00e5 moderns v\u00e4gnar.\u00a0<\/p>\n<p>L\u00e4ngs v\u00e4gen ut ur Venezuela tog sig Machado genom tio milit\u00e4ra kontrollposteringar if\u00f6rd peruk och f\u00f6rkl\u00e4dnad, och reste dagen efter tio timmar i en fiskeb\u00e5t \u00f6ver Karibiska havet med sikte p\u00e5 den nederl\u00e4ndska \u00f6n\u00a0Cura\u00e7ao varifr\u00e5n hon d\u00e4refter fl\u00f6g till Norge.<\/p>\n<p>Flykten hade planerats i m\u00e5nader, med hj\u00e4lp av ett n\u00e4tverk som hj\u00e4lper m\u00e4nniskor att fly Venezuela.\u00a0USA:s regering var inf\u00f6rst\u00e5dd med planerna, bekr\u00e4ftar Machado, delvis f\u00f6r att s\u00e4kerst\u00e4lla att fiskeb\u00e5ten inte angreps av de amerikanska stridsflyg som de senaste m\u00e5naderna attackerat p\u00e5st\u00e5dda narkotikasmugglare l\u00e4ngs Venezuelas kust.\u00a0<\/p>\n<p>\u2013 Det finns m\u00e5nga venezuelaner som har riskerat sina liv f\u00f6r att jag ska komma hit. Det \u00e4r v\u00e4ldigt, v\u00e4ldigt sv\u00e5rt och v\u00e4ldigt farligt att l\u00e4mna Venezuela om man f\u00f6rf\u00f6ljs av regimen, sade pristagaren.<\/p>\n<p>                <img decoding=\"async\" src=\"https:\/\/www.europesays.com\/se\/wp-content\/uploads\/2025\/12\/896719.webp\" width=\"480\" height=\"274\" title=\"Mar\u00eda Corina Machado m\u00f6tte en stor samling anh\u00e4ngare i Oslo i natt.\" alt=\"Oslo, Norway 20251211. Nobels fredsprismottaker Maria Corina Machado p\u00e5 Grand hotel i Oslo natt til torsdag. Den venezuelanske opposisjonslederen Maria Corina Machado fikk prisen for sitt arbeid for \u00e5 sikre demokratiske rettigheter for folket i Venezuela, og for sin kamp for en rettferdig og fredelig overgang fra diktatur til folkestyre. P\u00e5 grunn av omstendighetene i hjemlandet Venezuela kunne ikke Nobels fredsprismottaker delta p\u00e5 utdelingen i Norge.Foto: Lise \u00c5serud \/ NTB\" loading=\"lazy\" style=\"\"\/><\/p>\n<p>\n            Mar\u00eda Corina Machado m\u00f6tte en stor samling anh\u00e4ngare i Oslo i natt.<br \/>\n            Lise \u00c5serud\/NTB\/TT\n        <\/p>\n<p>I Oslo m\u00f6ttes fredspristagaren av en jublande folkskara och familjemedlemmar som hon inte tr\u00e4ffat p\u00e5 m\u00e5nader, d\u00e5 hon levt g\u00f6md f\u00f6r att undvika att gripas av Nicol\u00e1s Maduros auktorit\u00e4ra regim.<\/p>\n<p>Inf\u00f6r resan hade hon visualiserat m\u00f6tet i m\u00e5nader, funderat p\u00e5 vem av barnen hon borde krama f\u00f6rst. Till slut omfamnade hon alla tre samtidigt.<\/p>\n<p>\u2013 Det var ett av de mest extraordin\u00e4ra, andliga \u00f6gonblicken i mitt liv.<\/p>\n<p>Machado\u00a0lovar att forts\u00e4tta k\u00e4mpa f\u00f6r att andra venezuelanska m\u00f6drar och barn ska f\u00e5 uppleva samma sak: att \u00e5terf\u00f6renas efter att ha tvingats is\u00e4r av regimen.<\/p>\n<p>\u2013 I slut\u00e4ndan \u00e4r jag bara en av miljoner venezuelanska m\u00f6drar som vill krama om sina barn, s\u00e4ger hon.<\/p>\n<p>Fredspristagaren har ifr\u00e5gasatts f\u00f6r sitt st\u00f6d f\u00f6r USA:s president Donald Trump och hans Venezuelapolitik, med amerikanska flygattacker mot misst\u00e4nkta knarkb\u00e5tar och upptrappade hot mot regimen i Caracas.<\/p>\n<p>\u2013 Vissa pratar om en invasion av Venezuela, hotet om en invasion i Venezuela. Och jag svarar att Venezuela redan \u00e4r invaderat, kommenterar\u00a0Machado\u00a0kritiken.<\/p>\n<p>\u2013 Vi har de ryska agenterna, de iranska agenterna, terroristgrupper som Hizbollah och Hamas och drogkarteller som har tagit \u00f6ver.\u00a0<\/p>\n<p>Machado, som planerar att \u00e5terv\u00e4nda till Venezuela trots risken att bli gripen och f\u00e4ngslad, s\u00e4ger att en viktig del i att att f\u00e5 Maduroregimen p\u00e5 fall \u00e4r att klippa dess inkomstk\u00e4llor.<\/p>\n<p>\u2013 N\u00e4r det v\u00e4l h\u00e4nder och f\u00f6rtrycket f\u00f6rsvagas \u00e4r det \u00f6ver. S\u00e5 vi ber det internationella samfundet att minska de inkomstk\u00e4llorna.<\/p>\n","protected":false},"excerpt":{"rendered":"Nobelpriset Den venezuelanska fredspristagaren Mar\u00eda Corina Machado anl\u00e4nde till Oslo strax f\u00f6re midnatt p\u00e5 onsdagen. Jonas Been Henriksen\/NTB\/TT&hellip;\n","protected":false},"author":2,"featured_media":103359,"comment_status":"","ping_status":"","sticky":false,"template":"","format":"standard","meta":{"footnotes":""},"categories":[5],"tags":[22,23,26,27,17,21,24,25,28,29,15,16,18,34,31,33,32,30,19,20],"class_list":{"0":"post-103358","1":"post","2":"type-post","3":"status-publish","4":"format-standard","5":"has-post-thumbnail","7":"category-rubriker","8":"tag-breaking-news","9":"tag-breakingnews","10":"tag-featured-news","11":"tag-featurednews","12":"tag-headlines","13":"tag-huvudnyheter","14":"tag-latest-news","15":"tag-latestnews","16":"tag-main-news","17":"tag-mainnews","18":"tag-news","19":"tag-nyheter","20":"tag-rubriker","21":"tag-se","22":"tag-svenska","23":"tag-sverige","24":"tag-sweden","25":"tag-swedish","26":"tag-top-stories","27":"tag-topstories"},"share_on_mastodon":{"url":"https:\/\/pubeurope.com\/@se\/115704433585969437","error":""},"_links":{"self":[{"href":"https:\/\/www.europesays.com\/se\/wp-json\/wp\/v2\/posts\/103358","targetHints":{"allow":["GET"]}}],"collection":[{"href":"https:\/\/www.europesays.com\/se\/wp-json\/wp\/v2\/posts"}],"about":[{"href":"https:\/\/www.europesays.com\/se\/wp-json\/wp\/v2\/types\/post"}],"author":[{"embeddable":true,"href":"https:\/\/www.europesays.com\/se\/wp-json\/wp\/v2\/users\/2"}],"replies":[{"embeddable":true,"href":"https:\/\/www.europesays.com\/se\/wp-json\/wp\/v2\/comments?post=103358"}],"version-history":[{"count":0,"href":"https:\/\/www.europesays.com\/se\/wp-json\/wp\/v2\/posts\/103358\/revisions"}],"wp:featuredmedia":[{"embeddable":true,"href":"https:\/\/www.europesays.com\/se\/wp-json\/wp\/v2\/media\/103359"}],"wp:attachment":[{"href":"https:\/\/www.europesays.com\/se\/wp-json\/wp\/v2\/media?parent=103358"}],"wp:term":[{"taxonomy":"category","embeddable":true,"href":"https:\/\/www.europesays.com\/se\/wp-json\/wp\/v2\/categories?post=103358"},{"taxonomy":"post_tag","embeddable":true,"href":"https:\/\/www.europesays.com\/se\/wp-json\/wp\/v2\/tags?post=103358"}],"curies":[{"name":"wp","href":"https:\/\/api.w.org\/{rel}","templated":true}]}}