{"id":103362,"date":"2025-12-12T03:32:34","date_gmt":"2025-12-12T03:32:34","guid":{"rendered":"https:\/\/www.europesays.com\/se\/103362\/"},"modified":"2025-12-12T03:32:34","modified_gmt":"2025-12-12T03:32:34","slug":"nu-ar-det-dags-att-utse-arets-vastmanlanning-vlt","status":"publish","type":"post","link":"https:\/\/www.europesays.com\/se\/103362\/","title":{"rendered":"Nu \u00e4r det dags att utse \u00c5rets v\u00e4stmanl\u00e4nning \u2013 VLT"},"content":{"rendered":"<p>VLT har delat ut priset sedan 1983. Nu \u00e4r det dags igen.<\/p>\n<p>Det \u00e4r ni l\u00e4sare som nominerat och en jury som valt ut fyra finalister. Vi har nu publicerat samtliga kandidater och 11 december h\u00e5lls traditionsenlig prisutdelning i VLT-huset. <\/p>\n<p>Till \u00c5rets v\u00e4stmanl\u00e4nning utses en person eller grupp som genom sina insatser verkat f\u00f6r en positiv utveckling i samh\u00e4llet eller p\u00e5 annat s\u00e4tt bidragit till en positiv utveckling f\u00f6r enskilda personer eller grupper i V\u00e4stmanland.<\/p>\n<p>Daniel Nordstr\u00f6m, VLT:s chefredakt\u00f6r och utgivare:<\/p>\n<p>\u2013 Varje \u00e5r \u00e4r det lika sp\u00e4nnande och intressant att jobba i juryn med \u00c5rets v\u00e4stmanl\u00e4nning. VLT:s l\u00e4sare har skickat in m\u00e5nga f\u00f6rslag p\u00e5 intressanta kandidater. \u00c4ven i \u00e5r har vi funnit fyra starka slutkandidater, som alla b\u00f6r k\u00e4nna sig som vinnare f\u00f6r att de har nominerats. <\/p>\n<p aria-disabled=\"true\" class=\"ad__preamble ad-text txt-style-muted txt-ui txt-ui--strong txt-ui-2\">Annons<\/p>\n<p><strong>\u00c5rets kandidater \u00e4r: <\/strong><\/p>\n<p>\u25ba <strong><a class=\"article__content-link\" href=\"https:\/\/www.vlt.se\/artikel\/darfor-blev-den-oradde-vasterasaren-totalt-overraskad\/\" rel=\"nofollow noopener\" target=\"_blank\">Mikael Mogren<\/a><\/strong><a class=\"article__content-link\" href=\"https:\/\/www.vlt.se\/artikel\/darfor-blev-den-oradde-vasterasaren-totalt-overraskad\/\" rel=\"nofollow noopener\" target=\"_blank\">, biskop<\/a><br \/>\u25ba <strong><a class=\"article__content-link\" href=\"https:\/\/www.vlt.se\/artikel\/ullabritta-pratar-oppet-om-tabun\/\" rel=\"nofollow noopener\" target=\"_blank\">UllaBritta, <\/a><\/strong><a class=\"article__content-link\" href=\"https:\/\/www.vlt.se\/artikel\/ullabritta-pratar-oppet-om-tabun\/\" rel=\"nofollow noopener\" target=\"_blank\">influencer<\/a><br \/>\u25ba<a class=\"article__content-link\" href=\"https:\/\/www.vlt.se\/artikel\/aventyraren-som-satter-vasteras-pa-hotellkartan\/\" rel=\"nofollow noopener\" target=\"_blank\"> <strong>Sonny Pettersson, <\/strong>vd Steam hotel<strong> <\/strong><\/a><br \/>\u25ba <strong><a class=\"article__content-link\" href=\"https:\/\/www.vlt.se\/articles\/9f7558b5-44a0-496b-8992-bbab8bb34734?new=true\" rel=\"nofollow noopener\" target=\"_blank\">Henrik och Joanna Stillman,<\/a><\/strong><a class=\"article__content-link\" href=\"https:\/\/www.vlt.se\/articles\/9f7558b5-44a0-496b-8992-bbab8bb34734?new=true\" rel=\"nofollow noopener\" target=\"_blank\"> dansare <\/a><\/p>\n<p>I juryn ing\u00e5r, f\u00f6rutom Daniel Nordstr\u00f6m, VLT:s f\u00f6rs\u00e4ljningschef Maria Thor\u00e9n, VLT:s redaktionschef Cecilia Rindb\u00e4ck Tiger och Billy Berg\u00e5ker, tidigare vd p\u00e5 Almi. <\/p>\n<p aria-disabled=\"true\" class=\"ad__preamble ad-text txt-style-muted txt-ui txt-ui--strong txt-ui-2\">Annons<\/p>\n<p><strong>\u00c5rets v\u00e4stmanl\u00e4nning 2024<\/strong>, sk\u00e5despelaren Cicilia Sedvall, \u00e4r p\u00e5 plats under ceremonin f\u00f6r att \u00f6verr\u00e4cka priset.<\/p>\n<p>2025 \u00e4r det 42 \u00e5r sedan priset delades ut f\u00f6r f\u00f6rsta g\u00e5ngen. <\/p>\n<p><img decoding=\"async\" width=\"640\" height=\"430\" class=\"article-image article-image--unbound\" alt=\"Juryn best\u00e5r av VLT:s chefredakt\u00f6r och utgivare Daniel Nordstr\u00f6m, redaktionschef Cecilia Rindb\u00e4ck Tiger, f\u00f6rs\u00e4ljningschef Maria Thor\u00e9n, Billy Berg\u00e5ker, tidigare vd p\u00e5 Almi.\" src=\"https:\/\/www.europesays.com\/se\/wp-content\/uploads\/2025\/12\/e14938d7-0147-4158-9a65-bcfbb3454edb.jpeg\"   loading=\"lazy\"\/><a class=\"article__lightbox-link\" href=\"https:\/\/static.bonniernews.se\/ba\/e14938d7-0147-4158-9a65-bcfbb3454edb.jpeg?width=1400&amp;format=pjpg&amp;auto=avif\" data-pswp-width=\"1400\" data-pswp-height=\"940\" data-pswp-caption=\"Juryn best\u00e5r av VLT:s chefredakt\u00f6r och utgivare Daniel Nordstr\u00f6m, redaktionschef Cecilia Rindb\u00e4ck Tiger, f\u00f6rs\u00e4ljningschef Maria Thor\u00e9n, Billy Berg\u00e5ker, tidigare vd p\u00e5 Almi. Bild: Kenneth Hudd\" data-pswp- rel=\"nofollow noopener\" target=\"_blank\">\u00d6ppna bild i helsk\u00e4rmsl\u00e4ge<\/a><\/p>\n<p class=\"txt-style-muted\" aria-hidden=\"true\">Juryn best\u00e5r av VLT:s chefredakt\u00f6r och utgivare Daniel Nordstr\u00f6m, redaktionschef Cecilia Rindb\u00e4ck Tiger, f\u00f6rs\u00e4ljningschef Maria Thor\u00e9n, Billy Berg\u00e5ker, tidigare vd p\u00e5 Almi.<\/p>\n<p class=\"article__figcaption-attribution txt-style-muted\">Bild: Kenneth Hudd<\/p>\n<p><strong>H\u00e4r \u00e4r listan p\u00e5 alla tidigare vinnare: <\/strong><\/p>\n<p><strong>2024:<\/strong> Cicilia Sedvall, sk\u00e5despelare V\u00e4stmanlands teater<\/p>\n<p><strong>2023: <\/strong>Kalle Karlsson, tr\u00e4nare VSK fotboll <\/p>\n<p aria-disabled=\"true\" class=\"ad__preamble ad-text txt-style-muted txt-ui txt-ui--strong txt-ui-2\">Annons<\/p>\n<p><strong>2022: <\/strong>Nicklas Lidstr\u00f6m, hockeyproffs<\/p>\n<p><strong>2021: <\/strong>Erik Gr\u00f6nberg, som ber\u00e4ttat om \u00f6vergrepp i barndomen.<\/p>\n<p><strong>2020: <\/strong>Jan Smedjeg\u00e5rd, smittskyddsl\u00e4kare, Region V\u00e4stmanland.<\/p>\n<p><strong>2019: <\/strong>Bj\u00f6rn Nord\u00e9n, verksamhetschef p\u00e5 Competence.<\/p>\n<p><strong>2018: <\/strong>Frida Hansdotter, alpint.<\/p>\n<p><strong>2017: <\/strong>Johan S\u00f6derstr\u00f6m, ABB.<\/p>\n<p><strong>2016:\u00a0<\/strong>Ransta N\u00e4sta bygdeg\u00e5rdsf\u00f6rening.<\/p>\n<p><strong>2015:\u00a0<\/strong>Mattias \u201dBissen\u201d Larsson, f\u00f6r arbetet med Bissen brainwalk.<\/p>\n<p><strong>2014:\u00a0<\/strong>Lars-G\u00f6ran Uddholm, r\u00e4ddningledare stora skogsbranden.<\/p>\n<p><strong>2013:\u00a0<\/strong>Anders Olsson och teatermaskinen.<\/p>\n<p><strong>2012:\u00a0<\/strong>Kvinnohuset med tjejjouren Ronja.<\/p>\n<p><strong>2011:\u00a0<\/strong>Hassan Shamshiri, Hallstahammar f\u00f6r hans ungdomsengagemang.<\/p>\n<p><strong>2010: <\/strong>Hans, Marie, Nicklas Ericsson, Rederi M\u00e4larstaden.<\/p>\n<p><strong>2009:\u00a0<\/strong>Bj\u00f6rn Carlsson, vd Message Productions.<\/p>\n<p aria-disabled=\"true\" class=\"ad__preamble ad-text txt-style-muted txt-ui txt-ui--strong txt-ui-2\">Annons<\/p>\n<p><strong>2008:\u00a0<\/strong>Johan Andersson, Virsbo, tennisspelare.<\/p>\n<p><strong>2007:<\/strong>\u00a0Linda Hammar, Mats Halvarsson, Torbj\u00f6rn Jonsson, Mikael Wiseby, I en annan del av K\u00f6ping.<\/p>\n<p><strong>2006:<\/strong>\u00a0Mietek Grocher, \u00f6verlevde F\u00f6rintelsen.<\/p>\n<p><strong>2005:\u00a0<\/strong>Rolf Carvenius, Jazzens museum, Str\u00f6msholm.<\/p>\n<p><strong>2004:\u00a0<\/strong>Inge Larsson, Framtid f\u00f6r Virsbo, Virsbo.<\/p>\n<p><strong>2003:\u00a0<\/strong>Mona och Lars Rud\u00e9n, Schenstr\u00f6mska Herrg\u00e5rden, Ramn\u00e4s.<\/p>\n<p><strong>2002:\u00a0<\/strong>The Hives, rockband fr\u00e5n Fagersta.<\/p>\n<p><strong>2001:\u00a0<\/strong>Magnus Hagberg, Arboga museum.<\/p>\n<p><strong>2000: <\/strong>Mikael Genberg, konstn\u00e4r, V\u00e4ster\u00e5s.<\/p>\n<p><strong>1999:\u00a0<\/strong>Christer Ekman, m\u00e4ssgeneral, Sala.<\/p>\n<p><strong>1998:\u00a0<\/strong>Karin och Lars Larsson, Olje\u00f6n, \u00c4ngelsberg.<\/p>\n<p aria-disabled=\"true\" class=\"ad__preamble ad-text txt-style-muted txt-ui txt-ui--strong txt-ui-2\">Annons<\/p>\n<p><strong>1997: <\/strong>Inger och G\u00f6ran Hellberg, Galleri Nykvarn.<\/p>\n<p><strong>1996: <\/strong>Waldemar Ludvigson, \u00d6sterv\u00e5la m\u00f6belmuseum.<\/p>\n<p><strong>1995:\u00a0<\/strong>Rita S\u00f6derg\u00e5rd, V\u00e4stanfors hembygdsomr\u00e5de.<\/p>\n<p><strong>1994:\u00a0<\/strong>Thore Skogman, artist.<\/p>\n<p><strong>1993:\u00a0<\/strong>Claes-Bertil Ytterberg, biskop.<\/p>\n<p><strong>1992:\u00a0<\/strong>Skultuna Messingsbruk.<\/p>\n<p><strong>1991:\u00a0<\/strong>Olle Lindqvist, Skantzenf\u00f6rest\u00e5ndare.<\/p>\n<p><strong>1990: <\/strong>Projektgruppen f\u00f6r Kvinnor kan.<\/p>\n<p><strong>1989: <\/strong>Arne Pettersson, tr\u00e4dg\u00e5rdsm\u00e4stare, \u00c5sby.<\/p>\n<p><strong>1988: <\/strong>Carl-David och Catharina von Schinkel, Tid\u00f6 slott.<\/p>\n<p><strong>1987: <\/strong>Jan Nilsson, Stadsbibliotekarie.<\/p>\n<p><strong>1986:<\/strong> Gunnar Helander, domprost.<\/p>\n<p><strong>1985: <\/strong>Lilian Fernqvist, keramiker.<\/p>\n<p><strong>1984: <\/strong>Astley Nyhl\u00e9n, gallerist.<\/p>\n<p><strong>1983: <\/strong>Percy Barnevik, f\u00f6retagsledare.<\/p>\n","protected":false},"excerpt":{"rendered":"VLT har delat ut priset sedan 1983. Nu \u00e4r det dags igen. Det \u00e4r ni l\u00e4sare som nominerat&hellip;\n","protected":false},"author":2,"featured_media":103363,"comment_status":"","ping_status":"","sticky":false,"template":"","format":"standard","meta":{"footnotes":""},"categories":[12],"tags":[22,23,26,27,17,21,24,25,28,29,15,16,18,34,31,33,32,30,19,20],"class_list":{"0":"post-103362","1":"post","2":"type-post","3":"status-publish","4":"format-standard","5":"has-post-thumbnail","7":"category-sverige","8":"tag-breaking-news","9":"tag-breakingnews","10":"tag-featured-news","11":"tag-featurednews","12":"tag-headlines","13":"tag-huvudnyheter","14":"tag-latest-news","15":"tag-latestnews","16":"tag-main-news","17":"tag-mainnews","18":"tag-news","19":"tag-nyheter","20":"tag-rubriker","21":"tag-se","22":"tag-svenska","23":"tag-sverige","24":"tag-sweden","25":"tag-swedish","26":"tag-top-stories","27":"tag-topstories"},"share_on_mastodon":{"url":"https:\/\/pubeurope.com\/@se\/115704492588369601","error":""},"_links":{"self":[{"href":"https:\/\/www.europesays.com\/se\/wp-json\/wp\/v2\/posts\/103362","targetHints":{"allow":["GET"]}}],"collection":[{"href":"https:\/\/www.europesays.com\/se\/wp-json\/wp\/v2\/posts"}],"about":[{"href":"https:\/\/www.europesays.com\/se\/wp-json\/wp\/v2\/types\/post"}],"author":[{"embeddable":true,"href":"https:\/\/www.europesays.com\/se\/wp-json\/wp\/v2\/users\/2"}],"replies":[{"embeddable":true,"href":"https:\/\/www.europesays.com\/se\/wp-json\/wp\/v2\/comments?post=103362"}],"version-history":[{"count":0,"href":"https:\/\/www.europesays.com\/se\/wp-json\/wp\/v2\/posts\/103362\/revisions"}],"wp:featuredmedia":[{"embeddable":true,"href":"https:\/\/www.europesays.com\/se\/wp-json\/wp\/v2\/media\/103363"}],"wp:attachment":[{"href":"https:\/\/www.europesays.com\/se\/wp-json\/wp\/v2\/media?parent=103362"}],"wp:term":[{"taxonomy":"category","embeddable":true,"href":"https:\/\/www.europesays.com\/se\/wp-json\/wp\/v2\/categories?post=103362"},{"taxonomy":"post_tag","embeddable":true,"href":"https:\/\/www.europesays.com\/se\/wp-json\/wp\/v2\/tags?post=103362"}],"curies":[{"name":"wp","href":"https:\/\/api.w.org\/{rel}","templated":true}]}}