{"id":103367,"date":"2025-12-12T04:14:14","date_gmt":"2025-12-12T04:14:14","guid":{"rendered":"https:\/\/www.europesays.com\/se\/103367\/"},"modified":"2025-12-12T04:14:14","modified_gmt":"2025-12-12T04:14:14","slug":"jagarfastingen-kan-bara-pa-blodarfeber-sprids-i-europa","status":"publish","type":"post","link":"https:\/\/www.europesays.com\/se\/103367\/","title":{"rendered":"J\u00e4garf\u00e4stingen kan b\u00e4ra p\u00e5 bl\u00f6darfeber sprids i Europa"},"content":{"rendered":"<p>J\u00e4garf\u00e4stingen v\u00e4ntar inte p\u00e5 sitt byte, utan jagar dig i flera hundra meter. Dessutom kan den b\u00e4ra p\u00e5 ett d\u00f6dligt bl\u00f6darfebervirus.<\/p>\n<p>F\u00e4stingen har hittats p\u00e5 flera st\u00e4llen i Europa \u2013 ocks\u00e5 Sverige. Professor Ali Mirazimi tycker att vi beh\u00f6ver vara f\u00f6rberedda p\u00e5 att \u00e4ven viruset kan hittas h\u00e4r.<\/p>\n<p>\u2013 Kommer f\u00e4stingarna, kommer vi f\u00f6rr eller senare att se viruset.<\/p>\n<p><a href=\"https:\/\/www.expressen.se\/premium\/halsa\/\" rel=\"nofollow noopener\" target=\"_blank\">H\u00e4r hittar du mer om medicin, h\u00e4lsa och forskning!<\/a><\/p>\n","protected":false},"excerpt":{"rendered":"J\u00e4garf\u00e4stingen v\u00e4ntar inte p\u00e5 sitt byte, utan jagar dig i flera hundra meter. Dessutom kan den b\u00e4ra p\u00e5&hellip;\n","protected":false},"author":2,"featured_media":103368,"comment_status":"","ping_status":"","sticky":false,"template":"","format":"standard","meta":{"footnotes":""},"categories":[69],"tags":[113,112,5166,11665,103,34,154,31,33,32,30,6622,3054,225,3477],"class_list":{"0":"post-103367","1":"post","2":"type-post","3":"status-publish","4":"format-standard","5":"has-post-thumbnail","7":"category-halsa","8":"tag-halsa","9":"tag-health","10":"tag-organization-karolinska-universitetssjukhuset","11":"tag-person-ali-mirazimi","12":"tag-premium","13":"tag-se","14":"tag-sections-sverige","15":"tag-svenska","16":"tag-sverige","17":"tag-sweden","18":"tag-swedish","19":"tag-topic-forskning","20":"tag-topic-infektion","21":"tag-topic-klimat-miljo","22":"tag-topic-virussjukdom"},"share_on_mastodon":{"url":"https:\/\/pubeurope.com\/@se\/115704657608987030","error":""},"_links":{"self":[{"href":"https:\/\/www.europesays.com\/se\/wp-json\/wp\/v2\/posts\/103367","targetHints":{"allow":["GET"]}}],"collection":[{"href":"https:\/\/www.europesays.com\/se\/wp-json\/wp\/v2\/posts"}],"about":[{"href":"https:\/\/www.europesays.com\/se\/wp-json\/wp\/v2\/types\/post"}],"author":[{"embeddable":true,"href":"https:\/\/www.europesays.com\/se\/wp-json\/wp\/v2\/users\/2"}],"replies":[{"embeddable":true,"href":"https:\/\/www.europesays.com\/se\/wp-json\/wp\/v2\/comments?post=103367"}],"version-history":[{"count":0,"href":"https:\/\/www.europesays.com\/se\/wp-json\/wp\/v2\/posts\/103367\/revisions"}],"wp:featuredmedia":[{"embeddable":true,"href":"https:\/\/www.europesays.com\/se\/wp-json\/wp\/v2\/media\/103368"}],"wp:attachment":[{"href":"https:\/\/www.europesays.com\/se\/wp-json\/wp\/v2\/media?parent=103367"}],"wp:term":[{"taxonomy":"category","embeddable":true,"href":"https:\/\/www.europesays.com\/se\/wp-json\/wp\/v2\/categories?post=103367"},{"taxonomy":"post_tag","embeddable":true,"href":"https:\/\/www.europesays.com\/se\/wp-json\/wp\/v2\/tags?post=103367"}],"curies":[{"name":"wp","href":"https:\/\/api.w.org\/{rel}","templated":true}]}}