{"id":103374,"date":"2025-12-12T04:46:14","date_gmt":"2025-12-12T04:46:14","guid":{"rendered":"https:\/\/www.europesays.com\/se\/103374\/"},"modified":"2025-12-12T04:46:14","modified_gmt":"2025-12-12T04:46:14","slug":"valfardsomraden-brot-mot-rekommendationer-deltagandet-i-cancerscreening-sjonk-anda-inte-osterbotten","status":"publish","type":"post","link":"https:\/\/www.europesays.com\/se\/103374\/","title":{"rendered":"V\u00e4lf\u00e4rdsomr\u00e5den br\u00f6t mot rekommen\u00addationer \u2013 deltagandet i cancerscreening sj\u00f6nk \u00e4nd\u00e5 inte | \u00d6sterbotten"},"content":{"rendered":"<p class=\"aw-1gybjub aw-5vja16 kEtdKx kmuxyA yle__article__paragraph\">En del v\u00e4lf\u00e4rdsomr\u00e5den avvek fr\u00e5n rekommend\u00adationerna och kallade till cancerscreening utan f\u00f6rbokad tid. Kvinnorna har tackat f\u00f6r reformen i st\u00e4llet f\u00f6r att kritisera den.<\/p>\n<p><img decoding=\"async\" alt=\"En kvinna genomf\u00f6r en gynekologisk unders\u00f6kning.\" src=\"https:\/\/www.europesays.com\/se\/wp-content\/uploads\/2025\/12\/39-15452566901ff1ac6962.jpeg\" class=\"aw-1l9m598 hKVVvP\"\/><\/p>\n<p>\u00d6ppna bildvisare<\/p>\n<p>Kvinnor mellan 30 och 65 \u00e5r kallas till screening f\u00f6r livmoderhalscancer. Inom en del v\u00e4lf\u00e4rdsomr\u00e5den f\u00e5r kvinnorna sin f\u00f6rsta kallelse redan vid 25 \u00e5rs \u00e5lder. Bild: Sanni Isom\u00e4ki \/ YleLyssna (du h\u00f6r en artificiell r\u00f6st) 5:57<\/p>\n<p class=\"aw-1gybjub aw-1p7kakr kEtdKx cEmitX yle__article__paragraph\">F\u00f6r tv\u00e5 \u00e5r sedan best\u00e4mde sig en del v\u00e4lf\u00e4rdsomr\u00e5den f\u00f6r att agera mot rekommendationerna. De b\u00f6rjade skicka ut kallelser till screening f\u00f6r livmoderhalscancer utan bokad tid f\u00f6r provtagningen.<\/p>\n<p class=\"aw-1gybjub aw-1p7kakr kEtdKx cEmitX yle__article__paragraph\">Enligt rekommendationen i kvalitetshandboken fr\u00e5n styrgruppen f\u00f6r cancerscreeningar ska kallelsen ange f\u00f6rbokad tid och plats. Med hj\u00e4lp av screeningen hittar man f\u00f6rstadier till cancer och f\u00f6rhindrar effektivt livmoderhalscancer.<\/p>\n<p class=\"aw-1gybjub aw-1p7kakr kEtdKx cEmitX yle__article__paragraph\">Bland annat \u00d6sterbottens och Mellersta \u00d6sterbottens (Soite) v\u00e4lf\u00e4rdsomr\u00e5den b\u00f6rjade skicka ut kallelser utan f\u00f6rbokad tid i b\u00f6rjan av 2024. Sedan dess har kvinnor som f\u00e5tt kallelsen varit tvungna att sj\u00e4lva boka tid.<\/p>\n<p class=\"aw-1gybjub aw-1p7kakr kEtdKx cEmitX yle__article__paragraph\">Experter var oroliga f\u00f6r att reformen skulle leda till att fler kvinnor skulle l\u00e5ta bli att delta i screeningen.<\/p>\n<p class=\"aw-1gybjub aw-1p7kakr kEtdKx cEmitX yle__article__paragraph\">S\u00e5 har det \u00e4nd\u00e5 inte g\u00e5tt, s\u00e4ger b\u00e5de \u00d6sterbottens v\u00e4lf\u00e4rdsomr\u00e5des avdelningssk\u00f6tare p\u00e5 m\u00f6dra- och preventivr\u00e5dgivningen, <strong class=\"aw-ak79eh KyCXm yle__article__strong\">Marjaana Carlsson<\/strong> och Soites chef f\u00f6r r\u00e5dgivnings- och studenth\u00e4lsov\u00e5rd, <strong class=\"aw-ak79eh KyCXm yle__article__strong\">Anu V\u00e4h\u00e4rautio<\/strong>.<\/p>\n<p class=\"aw-1gybjub aw-1p7kakr kEtdKx cEmitX yle__article__paragraph\">I \u00d6sterbotten deltog 73 procent av de kallade i screeningen f\u00f6r livmoderhalscancer i fjol. De senaste \u00e5ren har andelen r\u00f6rt sig mellan 73 och 76 procent.<\/p>\n<p class=\"aw-1gybjub aw-1p7kakr kEtdKx cEmitX yle__article__paragraph\">I hela landet deltar 70 procent i screeningen av de som f\u00e5tt kallelsen.<\/p>\n<p>Finl\u00e4ndare och livmoderhalscancer<\/p>\n<p class=\"aw-1gybjub aw-1p7kakr kEtdKx cEmitX yle__article__paragraph\">I Finland konstateras omkring 180 fall av livmoderhalscancer varje \u00e5r.<\/p>\n<p class=\"aw-1gybjub aw-1p7kakr kEtdKx cEmitX yle__article__paragraph\">Varje \u00e5r avlider cirka 50 kvinnor p\u00e5 grund av livmoderhalscancer.<\/p>\n<p class=\"aw-1gybjub aw-1p7kakr kEtdKx cEmitX yle__article__paragraph\">Screeningarna f\u00f6rhindrar uppskattningsvis \u00f6ver 250 d\u00f6dsfall varje \u00e5r.<\/p>\n<p class=\"aw-1gybjub aw-1p7kakr kEtdKx cEmitX yle__article__paragraph\">Omkring 70 procent av de som f\u00e5tt kallelse deltar i provtagningen.<\/p>\n<p class=\"aw-1gybjub aw-1p7kakr kEtdKx cEmitX yle__article__paragraph\">I synnerhet kvinnor mellan 30 och 35 \u00e5r l\u00e5ter bli att delta.<\/p>\n<p class=\"aw-1gybjub aw-1p7kakr kEtdKx cEmitX yle__article__paragraph\">Kvinnor mellan 30 och 65 \u00e5r gamla f\u00e5r kallelse till screeningen vart femte \u00e5r. En del v\u00e4lf\u00e4rdsomr\u00e5den kallar \u00e4ven 25-\u00e5ringar.<\/p>\n<p class=\"aw-1gybjub aw-1p7kakr kEtdKx cEmitX yle__article__paragraph\">K\u00e4lla: Finlands cancerregister<\/p>\n<p class=\"aw-1gybjub aw-1p7kakr kEtdKx cEmitX yle__article__paragraph\">I b\u00f6rjan av detta \u00e5r tog \u00d6sterbottens v\u00e4lf\u00e4rdsomr\u00e5de i bruk hemtester f\u00f6r HPV f\u00f6r de kvinnor som inte deltar i screeningen.<\/p>\n<p class=\"aw-1gybjub aw-1p7kakr kEtdKx cEmitX yle__article__paragraph\">Enligt Marjaana Carlsson kommer screeningens t\u00e4ckning att \u00f6ka med \u00e5tminstone en procentenhet tack vare hemtesterna.<\/p>\n<p>F\u00f6rs\u00f6k med hemtester i \u00d6sterbotten<\/p>\n<p class=\"aw-1gybjub aw-1p7kakr kEtdKx cEmitX yle__article__paragraph\">\u00c4n s\u00e5 l\u00e4nge \u00e4r det bara m\u00f6jligt att g\u00f6ra hemtester i \u00d6sterbottens och Birkalands v\u00e4lf\u00e4rdsomr\u00e5den. I Birkaland har man erbjudit hemtester sedan juni 2024. \u00d6sterbottens pilotf\u00f6rs\u00f6k inleddes i \u00e5r.<\/p>\n<p class=\"aw-1gybjub aw-1p7kakr kEtdKx cEmitX yle__article__paragraph\">Ett prov som man tagit fr\u00e5n slidan hemma skickas till laboratoriet d\u00e4r det unders\u00f6ks om det inneh\u00e5ller HPV med h\u00f6g risk, allts\u00e5 papillomvirus. Om testet \u00e4r positivt tar man noggrannare cellprov p\u00e5 mottagningen.<\/p>\n<p><img decoding=\"async\" alt=\"En person h\u00e5ller i en topps som anv\u00e4nds f\u00f6r ett HPV-sj\u00e4lvtest.\" src=\"https:\/\/www.europesays.com\/se\/wp-content\/uploads\/2025\/12\/39-132468266a74d214c635.jpeg\" loading=\"lazy\" class=\"aw-1l9m598 hKVVvP\"\/><\/p>\n<p>\u00d6ppna bildvisare<\/p>\n<p>\u00c4ven om f\u00e5 hittills best\u00e4llt hemtest i \u00d6sterbotten, har de bidragit till ett \u00f6kat antal deltagare i screeningen. Bild: Kai Pohjanen \/ Yle<\/p>\n<p class=\"aw-1gybjub aw-1p7kakr kEtdKx cEmitX yle__article__paragraph\">I \u00d6sterbotten och Birkaland unders\u00f6ker man om det g\u00e5r att h\u00f6ja deltagandet i screeningen med hj\u00e4lp av hemtesterna. Fortfarande l\u00e5ter en tredjedel av kvinnorna bli att delta i screeningen.<\/p>\n<p class=\"aw-1gybjub aw-1p7kakr kEtdKx cEmitX yle__article__paragraph\">\u2013 Det finns alltid kunder som inte vill komma p\u00e5 gynekologiska unders\u00f6kningar. Vi ville erbjuda ett hemtest \u00e5t dem som \u00e4r s\u00e5 nerv\u00f6sa att de inte kommer till mottagningen, s\u00e4ger avdelningssk\u00f6tare Marjaana Carlsson.<\/p>\n<p class=\"aw-1gybjub aw-1p7kakr kEtdKx cEmitX yle__article__paragraph\">I b\u00f6rjan av december hade 270 kvinnor best\u00e4llt ett hemtest inom \u00d6sterbottens v\u00e4lf\u00e4rdsomr\u00e5de. Ett tjugotal av dem har testat positivt.<\/p>\n<p class=\"aw-1gybjub aw-1p7kakr kEtdKx cEmitX yle__article__paragraph\">\u2013 Det handlar f\u00f6rst\u00e5s om en liten m\u00e4ngd \u00e4n s\u00e5 l\u00e4nge, men hemtesterna har \u00e4nd\u00e5 \u00f6kar antalet deltagare.<\/p>\n<p class=\"aw-1gybjub aw-1p7kakr kEtdKx cEmitX yle__article__paragraph\">N\u00e4sta \u00e5r utvidgas pilotf\u00f6rs\u00f6ket i \u00d6sterbotten. D\u00e5 kommer det att bli m\u00f6jligt att best\u00e4lla ett hemtest s\u00e5 fort man f\u00e5r det f\u00f6rsta kallelsebrevet. Hittills har det bara varit m\u00f6jligt att best\u00e4lla ett hemtest n\u00e4r man f\u00e5tt en p\u00e5minnelse f\u00f6r att man nonchalerat den f\u00f6rsta kallelsen tilll screening.<\/p>\n<p class=\"aw-1gybjub aw-1p7kakr kEtdKx cEmitX yle__article__paragraph\">\u2013 Om man best\u00e4mmer sig f\u00f6r att man inte vill komma till mottagningen n\u00e4r man f\u00e5r den f\u00f6rsta kallelsen, l\u00e4ser man inte n\u00f6dv\u00e4ndigtvis n\u00e4sta kallelse. D\u00e5 g\u00f6r man inget hemtest. Nu f\u00f6rs\u00f6ker vi \u00f6ka deltagarprocenten genom att erbjuda hemtest redan fr\u00e5n b\u00f6rjan.<\/p>\n<p>Tack i st\u00e4llet f\u00f6r kritik<\/p>\n<p class=\"aw-1gybjub aw-1p7kakr kEtdKx cEmitX yle__article__paragraph\">I Mellersta \u00d6sterbottens screening f\u00f6r livmoderhalscancer, \u00e4r det m\u00f6jligt att v\u00e4lja l\u00e4mplig tid, men \u00e4ven det provtagningsst\u00e4lle som passar en sj\u00e4lv. Enligt Anu V\u00e4h\u00e4rautio fr\u00e5n Soite har kvinnorna tackat i st\u00e4llet f\u00f6r att komma med kritik.<\/p>\n<p class=\"aw-1gybjub aw-1p7kakr kEtdKx cEmitX yle__article__paragraph\">Carlsson har n\u00e5tts av samma budskap. Tidigare var det alltid en del som inte kom till en inbokad tid, men nu har det blivit ovanligt.<\/p>\n<p class=\"aw-1gybjub aw-1p7kakr kEtdKx cEmitX yle__article__paragraph\">\u2013 Kunderna har varit v\u00e4ldigt n\u00f6jda med f\u00f6r\u00e4ndringen och sagt att det \u00e4r bra att man sj\u00e4lv f\u00e5r boka en tid som passar. V\u00e4rlden f\u00f6r\u00e4ndras och kundernas behov f\u00f6r\u00e4ndras ocks\u00e5.<\/p>\n<p><img decoding=\"async\" alt=\"Provtagningsutrustning p\u00e5 ett blankt metallbord p\u00e5 hjul.\" src=\"https:\/\/www.europesays.com\/se\/wp-content\/uploads\/2025\/12\/39-156602069369344214e6.jpeg\" loading=\"lazy\" class=\"aw-1l9m598 hKVVvP\"\/><\/p>\n<p>\u00d6ppna bildvisare<\/p>\n<p>En del kvinnor \u00e4r nerv\u00f6sa inf\u00f6r cellprovtagning fr\u00e5n livmoderhalsen. I de h\u00e4r fallen har hemtesterna varit till hj\u00e4lp. Bild: Jarkko Heikkinen \/ Yle<\/p>\n<p class=\"aw-1gybjub aw-1p7kakr kEtdKx cEmitX yle__article__paragraph\">Experternas oro f\u00f6r att en del skulle l\u00e5ta bli att delta om den f\u00f6rhandsbokade tiden togs bort, baserar sig bland annat p\u00e5 erfarenheter fr\u00e5n Helsingfors.<\/p>\n<p class=\"aw-1gybjub aw-1p7kakr kEtdKx cEmitX yle__article__paragraph\">N\u00e4r Helsingfors vid ett tidigare tillf\u00e4lle str\u00f6k de f\u00f6rhandsbokade tiderna fr\u00e5n kallelserna, sj\u00f6nk deltagarprocenten fr\u00e5n 72 till 62. Det fick Helsingfors stad att \u00e5terg\u00e5 till sin tidigare praxis, och deltagarantalet steg till de tidigare niv\u00e5erna igen.<\/p>\n<p class=\"aw-1gybjub aw-1p7kakr kEtdKx cEmitX yle__article__paragraph\">Marjaana Carlsson har h\u00f6rt om det h\u00e4r.<\/p>\n<p class=\"aw-1gybjub aw-1p7kakr kEtdKx cEmitX yle__article__paragraph\">\u2013 Kan det vara s\u00e5 att folk inte var lika redo f\u00f6r den digitala v\u00e4rlden som de \u00e4r numera? Nuf\u00f6rtiden tycker m\u00e4nniskor om digitala tj\u00e4nster, och det har blivit allt l\u00e4ttare att boka tid p\u00e5 n\u00e4tet.<\/p>\n<p class=\"aw-1gybjub aw-1p7kakr kEtdKx cEmitX yle__article__paragraph\">Carlsson s\u00e4ger att v\u00e4lf\u00e4rdsomr\u00e5det h\u00e5ller noggrann koll p\u00e5 hur m\u00e5nga kvinnor som deltar i screeningen f\u00f6r livmoderhalscancer. Om deltagandet b\u00f6rjar minska tydligt, \u00e5terg\u00e5r man till den gamla metoden, f\u00f6rs\u00e4krar hon.<\/p>\n<p class=\"aw-1gybjub aw-1p7kakr kEtdKx cEmitX yle__article__paragraph\">Artikeln <a class=\"aw-iao6s4 iHOxEa yle__article__link\" href=\"https:\/\/yle.fi\/a\/74-20198630\" role=\"link\" rel=\"nofollow noopener\" target=\"_blank\">Naisten sy\u00f6p\u00e4\u00adseulontoihin osallistuminen ei v\u00e4hentynytk\u00e4\u00e4n alueilla, jotka alkoivat l\u00e4hett\u00e4\u00e4 \u201dv\u00e4\u00e4r\u00e4nlaisia\u201d kutsuja<\/a> \u00e4r skriven av Heidi-Maria Harju och \u00f6versatt av Erika R\u00f6nng\u00e5rd.<\/p>\n","protected":false},"excerpt":{"rendered":"En del v\u00e4lf\u00e4rdsomr\u00e5den avvek fr\u00e5n rekommend\u00adationerna och kallade till cancerscreening utan f\u00f6rbokad tid. Kvinnorna har tackat f\u00f6r reformen&hellip;\n","protected":false},"author":2,"featured_media":103375,"comment_status":"","ping_status":"","sticky":false,"template":"","format":"standard","meta":{"footnotes":""},"categories":[69],"tags":[2296,113,3287,112,11709,2978,1187,11710,8462,2300,4378,2619,34,31,33,32,30,11708],"class_list":{"0":"post-103374","1":"post","2":"type-post","3":"status-publish","4":"format-standard","5":"has-post-thumbnail","7":"category-halsa","8":"tag-cancersjukdomar","9":"tag-halsa","10":"tag-halso-och-sjukvard","11":"tag-health","12":"tag-humant-papillomvirus","13":"tag-kvinnor","14":"tag-livmoderhalscancer","15":"tag-mellersta-osterbotten","16":"tag-mellersta-osterbottens-social-och-halsovardssamkommun-soite","17":"tag-osterbotten","18":"tag-osterbottens-valfardsomrade","19":"tag-screening","20":"tag-se","21":"tag-svenska","22":"tag-sverige","23":"tag-sweden","24":"tag-swedish","25":"tag-valfardsomraden"},"share_on_mastodon":{"url":"https:\/\/pubeurope.com\/@se\/115704783819629746","error":""},"_links":{"self":[{"href":"https:\/\/www.europesays.com\/se\/wp-json\/wp\/v2\/posts\/103374","targetHints":{"allow":["GET"]}}],"collection":[{"href":"https:\/\/www.europesays.com\/se\/wp-json\/wp\/v2\/posts"}],"about":[{"href":"https:\/\/www.europesays.com\/se\/wp-json\/wp\/v2\/types\/post"}],"author":[{"embeddable":true,"href":"https:\/\/www.europesays.com\/se\/wp-json\/wp\/v2\/users\/2"}],"replies":[{"embeddable":true,"href":"https:\/\/www.europesays.com\/se\/wp-json\/wp\/v2\/comments?post=103374"}],"version-history":[{"count":0,"href":"https:\/\/www.europesays.com\/se\/wp-json\/wp\/v2\/posts\/103374\/revisions"}],"wp:featuredmedia":[{"embeddable":true,"href":"https:\/\/www.europesays.com\/se\/wp-json\/wp\/v2\/media\/103375"}],"wp:attachment":[{"href":"https:\/\/www.europesays.com\/se\/wp-json\/wp\/v2\/media?parent=103374"}],"wp:term":[{"taxonomy":"category","embeddable":true,"href":"https:\/\/www.europesays.com\/se\/wp-json\/wp\/v2\/categories?post=103374"},{"taxonomy":"post_tag","embeddable":true,"href":"https:\/\/www.europesays.com\/se\/wp-json\/wp\/v2\/tags?post=103374"}],"curies":[{"name":"wp","href":"https:\/\/api.w.org\/{rel}","templated":true}]}}