{"id":103378,"date":"2025-12-12T05:02:07","date_gmt":"2025-12-12T05:02:07","guid":{"rendered":"https:\/\/www.europesays.com\/se\/103378\/"},"modified":"2025-12-12T05:02:07","modified_gmt":"2025-12-12T05:02:07","slug":"eu-lagger-ner-gamla-vargarenden-men-nya-fragor-vantar-sverige","status":"publish","type":"post","link":"https:\/\/www.europesays.com\/se\/103378\/","title":{"rendered":"EU l\u00e4gger ner gamla varg\u00e4renden \u2013 men nya fr\u00e5gor v\u00e4ntar Sverige"},"content":{"rendered":"<p>                    <a data-lightbox=\"post-96897\" href=\"https:\/\/www.jaktojagare.se\/wp-content\/uploads\/2025\/12\/varg_euflagga_shutt-1.jpg\" data-title=\"Foto: Shutterstock&lt;br\/&gt;EU:s vargpolitik har n\u00e4rmat sig Sveriges n\u00e4r 84 \u00e4renden l\u00e4ggs ner.\" rel=\"nofollow noopener\" target=\"_blank\"><br \/>\n                        <img width=\"1280\" height=\"720\" src=\"https:\/\/www.europesays.com\/se\/wp-content\/uploads\/2025\/12\/varg_euflagga_shutt-1-1280x720.jpg\" class=\"attachment-large size-large\" alt=\"\" decoding=\"async\" fetchpriority=\"high\"   itemprop=\"image\"\/>                    <\/a><\/p>\n<p>\n                        Foto: Shutterstock<br \/>\n                        EU:s vargpolitik har n\u00e4rmat sig Sveriges n\u00e4r 84 \u00e4renden l\u00e4ggs ner.\n                    <\/p>\n<p>Publicerad 2025-12-11 13:36<\/p>\n<p>Efter 15 \u00e5r av kritik och hot om r\u00e4ttsprocesser mot den svenska vargf\u00f6rvaltningen avslutar EU-kommissionen nu sitt gamla \u00e4rende om vargjakt.<\/p>\n<p>Beskedet kommer i samband med att vargens status inom EU:s art- och habitatdirektiv har \u00e4ndrats fr\u00e5n \u201dstrikt skyddad\u201d till \u201dskyddad\u201d, vilket ger medlemsl\u00e4nderna st\u00f6rre handlingsutrymme i f\u00f6rvaltningen. Detta rapporterar bland andra <a href=\"https:\/\/www.hd.se\/sverige\/vargkritik-mot-sverige-laggs-ner\/\" target=\"_blank\" rel=\"noopener nofollow\">Helsingborgs Dagblad<\/a>.<\/p>\n<p>Landsbygdsminister Peter Kullgren (KD) ser beslutet som en bekr\u00e4ftelse p\u00e5 det l\u00e5ngvariga arbete som Sverige och flera andra l\u00e4nder drivit f\u00f6r att modernisera synen p\u00e5 rovdjursf\u00f6rvaltning. \u201dDet k\u00e4nns v\u00e4ldigt bra\u201d, s\u00e4ger han och konstaterar att processen p\u00e5g\u00e5tt i 15 \u00e5r.<\/p>\n<p>Inte \u00f6ver<\/p>\n<p>Totalt l\u00e4gger kommissionen ner 84 \u00e4ldre \u00e4renden, men Sverige kan \u00e4nd\u00e5 r\u00e4kna med fortsatt uppm\u00e4rksamhet fr\u00e5n Bryssel. Under h\u00f6sten har kommissionen skickat fr\u00e5gor om regeringens beslut att gynnsam bevarandestatus f\u00f6r varg ska uppn\u00e5s vid 170 individer i st\u00e4llet f\u00f6r tidigare 300. Det har ocks\u00e5 f\u00f6ljts av \u00f6verklaganden i Sverige mot n\u00e4sta \u00e5rs licensjakt.<\/p>\n<p>Kullgren framh\u00e5ller att Sverige st\u00e5r v\u00e4l rustat att motivera sin linje och h\u00e4nvisa till forskningsunderlaget bakom den s\u00e4nkta niv\u00e5n. Han betonar ocks\u00e5 att f\u00f6rvaltningen \u00e4r tydligt inriktad p\u00e5 att stegvis n\u00e5 den niv\u00e5 riksdagen beslutat om.<\/p>\n<p>Kullgren \u00f6vertygad<\/p>\n<p>Just nu arbetar regeringen med ett formellt svar till EU-kommissionen. Enligt Kullgren \u00e4r Sveriges dataunderlag starkt: <\/p>\n<p>\u2013 Jag tror det \u00e4r f\u00e5 l\u00e4nder som har s\u00e5 bra koll p\u00e5 sina vargar som Sverige har.<\/p>\n","protected":false},"excerpt":{"rendered":"Foto: Shutterstock EU:s vargpolitik har n\u00e4rmat sig Sveriges n\u00e4r 84 \u00e4renden l\u00e4ggs ner. Publicerad 2025-12-11 13:36 Efter 15&hellip;\n","protected":false},"author":2,"featured_media":103379,"comment_status":"","ping_status":"","sticky":false,"template":"","format":"standard","meta":{"footnotes":""},"categories":[5],"tags":[22,23,26,27,17,21,24,25,28,29,15,16,18,34,31,33,32,30,19,20],"class_list":{"0":"post-103378","1":"post","2":"type-post","3":"status-publish","4":"format-standard","5":"has-post-thumbnail","7":"category-rubriker","8":"tag-breaking-news","9":"tag-breakingnews","10":"tag-featured-news","11":"tag-featurednews","12":"tag-headlines","13":"tag-huvudnyheter","14":"tag-latest-news","15":"tag-latestnews","16":"tag-main-news","17":"tag-mainnews","18":"tag-news","19":"tag-nyheter","20":"tag-rubriker","21":"tag-se","22":"tag-svenska","23":"tag-sverige","24":"tag-sweden","25":"tag-swedish","26":"tag-top-stories","27":"tag-topstories"},"share_on_mastodon":{"url":"https:\/\/pubeurope.com\/@se\/115704846511666331","error":""},"_links":{"self":[{"href":"https:\/\/www.europesays.com\/se\/wp-json\/wp\/v2\/posts\/103378","targetHints":{"allow":["GET"]}}],"collection":[{"href":"https:\/\/www.europesays.com\/se\/wp-json\/wp\/v2\/posts"}],"about":[{"href":"https:\/\/www.europesays.com\/se\/wp-json\/wp\/v2\/types\/post"}],"author":[{"embeddable":true,"href":"https:\/\/www.europesays.com\/se\/wp-json\/wp\/v2\/users\/2"}],"replies":[{"embeddable":true,"href":"https:\/\/www.europesays.com\/se\/wp-json\/wp\/v2\/comments?post=103378"}],"version-history":[{"count":0,"href":"https:\/\/www.europesays.com\/se\/wp-json\/wp\/v2\/posts\/103378\/revisions"}],"wp:featuredmedia":[{"embeddable":true,"href":"https:\/\/www.europesays.com\/se\/wp-json\/wp\/v2\/media\/103379"}],"wp:attachment":[{"href":"https:\/\/www.europesays.com\/se\/wp-json\/wp\/v2\/media?parent=103378"}],"wp:term":[{"taxonomy":"category","embeddable":true,"href":"https:\/\/www.europesays.com\/se\/wp-json\/wp\/v2\/categories?post=103378"},{"taxonomy":"post_tag","embeddable":true,"href":"https:\/\/www.europesays.com\/se\/wp-json\/wp\/v2\/tags?post=103378"}],"curies":[{"name":"wp","href":"https:\/\/api.w.org\/{rel}","templated":true}]}}