{"id":103380,"date":"2025-12-12T05:04:08","date_gmt":"2025-12-12T05:04:08","guid":{"rendered":"https:\/\/www.europesays.com\/se\/103380\/"},"modified":"2025-12-12T05:04:08","modified_gmt":"2025-12-12T05:04:08","slug":"ny-forlust-i-europa-league-for-mff-foll-mot-porto","status":"publish","type":"post","link":"https:\/\/www.europesays.com\/se\/103380\/","title":{"rendered":"Ny f\u00f6rlust i Europa League f\u00f6r MFF \u2013 f\u00f6ll mot Porto"},"content":{"rendered":"<p>Malm\u00f6 FF \u00e4r i praktiken utslaget ur Europa League efter att ha f\u00f6rlorat med 1\u20132 mot det portugisiska storlaget Porto under kv\u00e4llen. MFF-m\u00e5lvakten Robin Olsen gjorde n\u00e5gra fina r\u00e4ddningar men det r\u00e4ckte inte till seger. <\/p>\n<p>Malm\u00f6 har tagit en po\u00e4ng av 18 m\u00f6jliga och m\u00e5ste dels vinna sina tv\u00e5 \u00e5terst\u00e5ende matcher och dels hoppas p\u00e5 att flertalet matcher g\u00e5r deras v\u00e4g om dr\u00f6mmen om avancemang ska leva. <\/p>\n<p>Omni \u00e4r politiskt obundna och oberoende. Vi str\u00e4var efter att ge fler perspektiv p\u00e5 nyheterna. Har du fr\u00e5gor eller synpunkter kring v\u00e5r rapportering? <a href=\"https:\/\/omni.se\/ny-forlust-i-europa-league-for-mff-foll-mot-porto\/a\/mailto:redaktion@omni.se\" class=\"ArticleActions_contactLink__W2F1M\" rel=\"nofollow noopener\" target=\"_blank\">Kontakta redaktionen<\/a><\/p>\n","protected":false},"excerpt":{"rendered":"Malm\u00f6 FF \u00e4r i praktiken utslaget ur Europa League efter att ha f\u00f6rlorat med 1\u20132 mot det portugisiska&hellip;\n","protected":false},"author":2,"featured_media":103381,"comment_status":"","ping_status":"","sticky":false,"template":"","format":"standard","meta":{"footnotes":""},"categories":[68],"tags":[658,138,557,3794,34,111,110,31,33,32,30],"class_list":{"0":"post-103380","1":"post","2":"type-post","3":"status-publish","4":"format-standard","5":"has-post-thumbnail","7":"category-sport","8":"tag-europa-league","9":"tag-fotboll","10":"tag-malmo-ff","11":"tag-robin-olsen","12":"tag-se","13":"tag-sport","14":"tag-sports","15":"tag-svenska","16":"tag-sverige","17":"tag-sweden","18":"tag-swedish"},"share_on_mastodon":{"url":"https:\/\/pubeurope.com\/@se\/115704854152899058","error":""},"_links":{"self":[{"href":"https:\/\/www.europesays.com\/se\/wp-json\/wp\/v2\/posts\/103380","targetHints":{"allow":["GET"]}}],"collection":[{"href":"https:\/\/www.europesays.com\/se\/wp-json\/wp\/v2\/posts"}],"about":[{"href":"https:\/\/www.europesays.com\/se\/wp-json\/wp\/v2\/types\/post"}],"author":[{"embeddable":true,"href":"https:\/\/www.europesays.com\/se\/wp-json\/wp\/v2\/users\/2"}],"replies":[{"embeddable":true,"href":"https:\/\/www.europesays.com\/se\/wp-json\/wp\/v2\/comments?post=103380"}],"version-history":[{"count":0,"href":"https:\/\/www.europesays.com\/se\/wp-json\/wp\/v2\/posts\/103380\/revisions"}],"wp:featuredmedia":[{"embeddable":true,"href":"https:\/\/www.europesays.com\/se\/wp-json\/wp\/v2\/media\/103381"}],"wp:attachment":[{"href":"https:\/\/www.europesays.com\/se\/wp-json\/wp\/v2\/media?parent=103380"}],"wp:term":[{"taxonomy":"category","embeddable":true,"href":"https:\/\/www.europesays.com\/se\/wp-json\/wp\/v2\/categories?post=103380"},{"taxonomy":"post_tag","embeddable":true,"href":"https:\/\/www.europesays.com\/se\/wp-json\/wp\/v2\/tags?post=103380"}],"curies":[{"name":"wp","href":"https:\/\/api.w.org\/{rel}","templated":true}]}}