{"id":103382,"date":"2025-12-12T05:08:08","date_gmt":"2025-12-12T05:08:08","guid":{"rendered":"https:\/\/www.europesays.com\/se\/103382\/"},"modified":"2025-12-12T05:08:08","modified_gmt":"2025-12-12T05:08:08","slug":"trump-vill-dra-italien-osterrike-polen-och-ungern-fran-eu","status":"publish","type":"post","link":"https:\/\/www.europesays.com\/se\/103382\/","title":{"rendered":"Trump vill dra Italien, \u00d6sterrike, Polen och Ungern fr\u00e5n EU"},"content":{"rendered":"<p data-testid=\"lead\" itemprop=\"description\">Vita huset sl\u00e5r tillbaka \u2022 Europa p\u00e5st\u00e5s st\u00e5 inf\u00f6r en \u201dcivilisationsutpl\u00e5ning\u201d<\/p>\n<p class=\"sc-c25743f0-0 sc-e37c0145-2 hObFds DQgPn\"><strong>Italien, Polen, Ungern och \u00d6sterrike. <br \/>De fyra l\u00e4nderna vill Donald Trump knyta n\u00e4rmare band till \u2013 i syfte att distansera dem fr\u00e5n EU.<br \/>Det framkommer i en l\u00e4ckt, l\u00e4ngre version av USA:s nationella s\u00e4kerhetsstrategi, rapporterar Defense One.<\/strong><\/p>\n<p class=\"sc-c25743f0-0 sc-e37c0145-2 hObFds DQgPn\">Vita huset publicerade i f\u00f6rra veckan USA:s nya nationella s\u00e4kerhetsstrategi. Och i det 29 sidor l\u00e5nga dokumentet riktas h\u00e5rd kritik mot Europa. Enligt Trump-administrationen st\u00e5r kontinenten till f\u00f6ljd av okontrollerad migration inf\u00f6r en \u201dcivilisationsutpl\u00e5ning\u201d. <\/p>\n<p class=\"sc-c25743f0-0 sc-e37c0145-2 hObFds DQgPn\">I en l\u00e4ngre version av strategin, som ska ha cirkulerat innan dokumentet gjordes offentligt, framkommer ytterligare detaljer kring hur USA avser att \u201dg\u00f6ra Europa storslaget igen\u201d, rapporterar <a href=\"https:\/\/www.defenseone.com\/policy\/2025\/12\/make-europe-great-again-and-more-longer-version-national-security-strategy\/410038\/?oref=d1-homepage-top-story\" class=\"pcc\" target=\"_blank\" rel=\"noopener noreferrer nofollow\">Defense One<\/a>. <\/p>\n<p class=\"sc-c25743f0-0 sc-e37c0145-2 hObFds DQgPn\">Vita huset uppges peka ut fyra l\u00e4nder som USA ska l\u00e4gga fokus p\u00e5 \u2013 med m\u00e5let att \u201ddra dem bort fr\u00e5n EU\u201d. Det handlar om Italien, Polen, Ungern och \u00d6sterrike.  <\/p>\n<p class=\"sc-c25743f0-0 sc-e37c0145-2 hObFds DQgPn\">\u201dVi b\u00f6r st\u00f6tta partier, r\u00f6relser samt intellektuella och kulturella personer som str\u00e4var efter sj\u00e4lvbest\u00e4mmande och bevarandet\/\u00e5terst\u00e4llandet av det traditionella europeiska levnadss\u00e4ttet\u201d, st\u00e5r det i dokumentet enligt Defense One. <\/p>\n<p>Svaret fr\u00e5n \u00d6sterrike<\/p>\n<p class=\"sc-c25743f0-0 sc-e37c0145-2 hObFds DQgPn\">Donald Trump har tidigare lovordat Italiens premi\u00e4rminister Giorgia Meloni och beskrivit henne b\u00e5de som \u201dvacker\u201d och \u201den<a href=\"https:\/\/www.tv4.se\/artikel\/tt-250118-usatrumpinstallation-43fd8fb4\/meloni-pa-plats-vid-trumps-installation\" class=\"pcc\" target=\"_top\" rel=\"nofollow noopener\"> fantastiskt kvinna\u201d<\/a>. Ett flertal g\u00e5nger har han ocks\u00e5 hyllat Ungerns premi\u00e4rminister Viktor Orb\u00e1n. <\/p>\n<p class=\"sc-c25743f0-0 sc-e37c0145-2 hObFds DQgPn\">D\u00e4rtill har Trump kallat den polska presidenten Karol Nawrocki, som tilltr\u00e4dde i november, f\u00f6r fantastisk. <\/p>\n<p class=\"sc-c25743f0-0 sc-e37c0145-2 hObFds DQgPn\">\u00c4n s\u00e5 l\u00e4nge har bara \u00d6sterrikes f\u00f6rbundskansler Christian Stocker uttalat sig om uppgifterna \u2013 och han tar avst\u00e5nd fr\u00e5n USA:s p\u00e5st\u00e5dda planer. Christian Stocker betonar att inga amerikanska f\u00f6rs\u00f6k att blanda sig i inrikespolitiska fr\u00e5gor kommer att tolereras. <\/p>\n<p class=\"sc-c25743f0-0 sc-e37c0145-2 hObFds DQgPn\">\u2013 Som suver\u00e4n stat best\u00e4mmer \u00d6sterrike \u00f6ver sin egen politik \u2013 enbart med st\u00f6d av det \u00f6sterrikiska folkets vilja, s\u00e4ger han i ett uttalande till <a href=\"https:\/\/www.bild.de\/politik\/ausland-und-internationales\/nicht-zu-dulden-oesterreichs-kanzler-kontert-trumps-spalter-plan-693ac358255f61bcbd40d4b8\" class=\"pcc\" target=\"_blank\" rel=\"noopener noreferrer nofollow\">Bild<\/a>. <\/p>\n<p>Vita huset sl\u00e5r tillbaka<\/p>\n<p class=\"sc-c25743f0-0 sc-e37c0145-2 hObFds DQgPn\">Samtidigt h\u00e4vdar Washington att en l\u00e4ngre version av s\u00e4kerhetsstrategin inte ens existerar. <\/p>\n<p class=\"sc-c25743f0-0 sc-e37c0145-2 hObFds DQgPn\">\u2013 N\u00e5gon annan s\u00e5 kallad \u201dversion\u201d har l\u00e4ckts av personer l\u00e5ngt ifr\u00e5n presidenten som, i likhet med den h\u00e4r \u201dreportern\u201d, inte har n\u00e5gon aning om vad de pratar om, s\u00e4ger Anna Kelly, talesperson f\u00f6r Vita huset, till Defense One. <\/p>\n","protected":false},"excerpt":{"rendered":"Vita huset sl\u00e5r tillbaka \u2022 Europa p\u00e5st\u00e5s st\u00e5 inf\u00f6r en \u201dcivilisationsutpl\u00e5ning\u201d Italien, Polen, Ungern och \u00d6sterrike. De fyra&hellip;\n","protected":false},"author":2,"featured_media":103383,"comment_status":"","ping_status":"","sticky":false,"template":"","format":"standard","meta":{"footnotes":""},"categories":[14],"tags":[22,23,26,27,17,21,24,25,28,29,15,16,18,34,31,33,32,30,19,20,51,52,53,54],"class_list":{"0":"post-103382","1":"post","2":"type-post","3":"status-publish","4":"format-standard","5":"has-post-thumbnail","7":"category-varlden","8":"tag-breaking-news","9":"tag-breakingnews","10":"tag-featured-news","11":"tag-featurednews","12":"tag-headlines","13":"tag-huvudnyheter","14":"tag-latest-news","15":"tag-latestnews","16":"tag-main-news","17":"tag-mainnews","18":"tag-news","19":"tag-nyheter","20":"tag-rubriker","21":"tag-se","22":"tag-svenska","23":"tag-sverige","24":"tag-sweden","25":"tag-swedish","26":"tag-top-stories","27":"tag-topstories","28":"tag-varlden","29":"tag-world","30":"tag-world-news","31":"tag-worldnews"},"share_on_mastodon":{"url":"https:\/\/pubeurope.com\/@se\/115704869850353992","error":""},"_links":{"self":[{"href":"https:\/\/www.europesays.com\/se\/wp-json\/wp\/v2\/posts\/103382","targetHints":{"allow":["GET"]}}],"collection":[{"href":"https:\/\/www.europesays.com\/se\/wp-json\/wp\/v2\/posts"}],"about":[{"href":"https:\/\/www.europesays.com\/se\/wp-json\/wp\/v2\/types\/post"}],"author":[{"embeddable":true,"href":"https:\/\/www.europesays.com\/se\/wp-json\/wp\/v2\/users\/2"}],"replies":[{"embeddable":true,"href":"https:\/\/www.europesays.com\/se\/wp-json\/wp\/v2\/comments?post=103382"}],"version-history":[{"count":0,"href":"https:\/\/www.europesays.com\/se\/wp-json\/wp\/v2\/posts\/103382\/revisions"}],"wp:featuredmedia":[{"embeddable":true,"href":"https:\/\/www.europesays.com\/se\/wp-json\/wp\/v2\/media\/103383"}],"wp:attachment":[{"href":"https:\/\/www.europesays.com\/se\/wp-json\/wp\/v2\/media?parent=103382"}],"wp:term":[{"taxonomy":"category","embeddable":true,"href":"https:\/\/www.europesays.com\/se\/wp-json\/wp\/v2\/categories?post=103382"},{"taxonomy":"post_tag","embeddable":true,"href":"https:\/\/www.europesays.com\/se\/wp-json\/wp\/v2\/tags?post=103382"}],"curies":[{"name":"wp","href":"https:\/\/api.w.org\/{rel}","templated":true}]}}