{"id":103388,"date":"2025-12-12T05:16:20","date_gmt":"2025-12-12T05:16:20","guid":{"rendered":"https:\/\/www.europesays.com\/se\/103388\/"},"modified":"2025-12-12T05:16:20","modified_gmt":"2025-12-12T05:16:20","slug":"israel-bombar-libanon-trots-vapenvila-asil-ett-av-offren","status":"publish","type":"post","link":"https:\/\/www.europesays.com\/se\/103388\/","title":{"rendered":"Israel bombar Libanon trots vapenvila \u2013 Asil ett av offren"},"content":{"rendered":"<p>Publicerad 11 dec 2025 kl 21.32Uppdaterad 12 dec kl 01.23<\/p>\n<p>De minsta kistorna \u00e4r tyngst att b\u00e4ra.\u00a0<\/p>\n<p>Ett \u00e5r efter vapenvilan har Israel fortsatt att bomba Libanon.<\/p>\n<p>13-\u00e5riga Asil Shrara f\u00f6rlorade sin pappa och tre syskon.\u00a0<\/p>\n<p>\u2013 Jag \u00e4r helt blind p\u00e5 h\u00f6ger \u00f6ga, men jag ser lite med det v\u00e4nstra, s\u00e4ger hon.\u00a0<\/p>\n<p>Senaste nyhetsklippen fr\u00e5n Expressen.<img   alt=\"\"\/><\/p>\n<p>Asil Shrara \u00f6verlevde bomben mot alla odds.<\/p>\n<p>Foto: Kassem Hamad\u00e9<\/p>\n<p>\u00d6ppna bild i helsk\u00e4rm<img loading=\"lazy\"   alt=\"\"\/><\/p>\n<p>13-\u00e5riga Asil Shrara f\u00f6rlorade sin pappa och tre syskon i attacken.<\/p>\n<p>Foto: Privat<\/p>\n<p>\u00d6ppna bild i helsk\u00e4rm<\/p>\n<p>P\u00e5 Amerikanska universitetssjukhuset i Beirut ligger Asil Shrara omgiven av medicinska apparater och droppslangar. Luften \u00e4r tung av desinfektionsmedel. Vid s\u00e4ngkanten sitter hennes mamma Amani.<\/p>\n<p>L\u00e4karna har rakat av flickans l\u00e5nga, blonda h\u00e5r f\u00f6r att kunna operera de sv\u00e5ra br\u00e4nnskadorna p\u00e5 huvudet. V\u00e4nsterbenet \u00e4r gipsat och stadgat med metallstavar. De inv\u00e4rtes skadorna \u00e4r \u00e4nnu allvarligare \u00e4n de synliga.<\/p>\n<p>\u2013 Jag \u00e4r helt blind p\u00e5 h\u00f6ger \u00f6ga, men jag ser lite med det v\u00e4nstra, s\u00e4ger Asil.<\/p>\n<p>Utanf\u00f6r sjukhusf\u00f6nstren i Beirut faller regnet. Samtidigt \u00e4r staden uppslukad av p\u00e5vens f\u00f6rsta bes\u00f6k i <a href=\"https:\/\/www.expressen.se\/tagg\/location\/libanon\/\" class=\"\" rel=\"nofollow noopener\" target=\"_blank\">Libanon<\/a> \u2013 ett land d\u00e4r m\u00e5nga slutat tro p\u00e5 politiken och i st\u00e4llet hoppas p\u00e5 mirakel. Asils r\u00f6st \u00e4r blyg och barnslig. Vuxenv\u00e4rldens ondska har f\u00f6rst\u00f6rt hennes barndom, men att hon lever \u00e4r n\u00e4ra nog ett under.<\/p>\n<p>H\u00f6ger\u00f6gat sitter kvar, men bombens hetta har f\u00f6rst\u00f6rt dess inre struktur. L\u00e4karna trodde att hon hade en procents chans att klara sig.<\/p>\n<p><img loading=\"lazy\"   alt=\"\"\/><\/p>\n<p>Asil tillsammans med sin familj, nu \u00e4r pappan och syskonen d\u00f6da.<\/p>\n<p>Foto: Privat<\/p>\n<p>\u00d6ppna bild i helsk\u00e4rm<img loading=\"lazy\"   alt=\"\"\/><\/p>\n<p>Asil Shrara skadades i en israelisk bombattack i s\u00f6dra Libanon<\/p>\n<p>Foto: Privat<\/p>\n<p>\u00d6ppna bild i helsk\u00e4rm<\/p>\n<p>Den 21 september b\u00f6rjade som vilken fredag som helst. Familjen Shrara \u2013 pappa Shadi, mamma Amani och barnen \u2013 hade k\u00f6rt fr\u00e5n Tyr till Bint Jbail f\u00f6r att bes\u00f6ka Amanis f\u00f6r\u00e4ldrar.<\/p>\n<p>De \u00e5t lunch, pratade och skrattade. P\u00e5 eftermiddagen satte de sig i bilen f\u00f6r att \u00e5ka hem igen. Det var den sista stunden av lycka. Bara minuter efter att de l\u00e4mnat huset slog en israelisk missil ner.<\/p>\n<p>\u2013 N\u00e4r den slog ner h\u00f6rde vi ingenting. Tystnaden tog \u00f6ver och mina \u00f6gon sj\u00f6nk in i ett m\u00f6rker, som om jag sv\u00e4vade mellan liv och d\u00f6d. Jag v\u00e4ntade p\u00e5 att synen skulle \u00e5terv\u00e4nda s\u00e5 att jag kunde se om min man och mina barn levde, ber\u00e4ttar Amani.<\/p>\n<p>Dog i bilen<\/p>\n<p>Resten av hennes ber\u00e4ttelse \u00e4r n\u00e4stan outh\u00e4rdlig att lyssna p\u00e5.<\/p>\n<p>Hennes man Shadi l\u00e5g lutad mot hennes axel. Hon f\u00f6rstod att han var d\u00f6d.<\/p>\n<p>\u2013 Jag str\u00e4ckte ut handen f\u00f6r att ta farv\u00e4l\u2026 men han var utan huvud. Hela hans v\u00e4nstra sida var borta, s\u00e4ger hon.<\/p>\n<p>I bilens baks\u00e4te hade barnen nyss sjungit och stojat.<\/p>\n<p>\u2013 Den enda r\u00f6sten jag h\u00f6rde var Asils. Hon f\u00f6rs\u00f6kte skrika \u201dpappa, pappa!\u201d. Sedan f\u00f6rlorade hon medvetandet, ber\u00e4ttar Amani.<\/p>\n<p>De andra barnen \u2013 de sm\u00e5 tvillingarna Hadi och Cilan samt tio\u00e5riga Celin \u2013 var d\u00f6da.<\/p>\n<p>\u2013 Tvillingarnas sm\u00e5 kroppar saknade huvuden. Celin l\u00e5g bakom dem som om hon sov.<\/p>\n<p>En m\u00e5nad har g\u00e5tt sedan attacken. Asil lever, men med sv\u00e5ra skador som kommer att kr\u00e4va l\u00e5ng behandling.<\/p>\n<p>Annons<\/p>\n<p>Amani k\u00e4mpar f\u00f6r att orka och att hitta en mening i livet efter att ha f\u00f6rlorat sin man och tre barn.\u00a0<\/p>\n<p>Att se Asil bli starkare f\u00f6r varje dag g\u00f6r kampen lite l\u00e4ttare.\u00a0<\/p>\n<p>\u2013 Jag m\u00e5r b\u00e4ttre nu. Mina klasskompisar var h\u00e4r och h\u00e4lsade p\u00e5. De var m\u00e5nga. Jag blev glad, s\u00e4ger Asil.<\/p>\n<p>Hon r\u00f6r p\u00e5 fingrarna. En liten dr\u00f6m i den stora katastrofen \u00e4r att hon ska kunna b\u00f6rja m\u00e5la igen. L\u00e4karna tror att det kommer att g\u00e5. Hon ber sin mamma att h\u00e4mta n\u00e5gra av sina teckningar som hon vill visa upp \u2013 f\u00e4rgstarka kl\u00e4nningsdesigner och figurer i vida kjolar.\u00a0<\/p>\n<p><img loading=\"lazy\"   alt=\"\"\/><\/p>\n<p>Asil \u00e4r n\u00e4stan blind, men hon dr\u00f6mmer om att designa kl\u00e4nningar.<\/p>\n<p>Foto: Kassem Hamad\u00e9<\/p>\n<p>\u00d6ppna bild i helsk\u00e4rm<\/p>\n<p>Asil ler f\u00f6r f\u00f6rsta g\u00e5ngen n\u00e4r hon ser p\u00e5 sina bilder.\u00a0<\/p>\n<p>I Libanon har hon blivit uppm\u00e4rksammad som flickan som \u00f6verlevde mot alla odds. Presidenten och talmannens hustru har bes\u00f6kt henne p\u00e5 sjukhuset.\u00a0<\/p>\n<p>Samtidigt p\u00e5g\u00e5r en annan kamp. Kort efter attacken medgav den israeliska arm\u00e9n att civila d\u00f6dats \u201dav misstag\u201d.<\/p>\n<p>\u2013 Vi kommer inte att ge upp. Vi har p\u00e5b\u00f6rjat en r\u00e4ttsprocess. De som gjorde detta ska straffas, s\u00e4ger Amani med fast r\u00f6st.<\/p>\n<p><strong>L\u00c4S MER: <\/strong><a href=\"https:\/\/www.expressen.se\/nyheter\/varlden\/rida-tar-hand-om-sina-36-barnbarn-i-ett-talt\/\" class=\"\" rel=\"nofollow noopener\" target=\"_blank\">Rida tar hand om sina 36 barnbarn i ett t\u00e4lt<\/a><\/p>\n","protected":false},"excerpt":{"rendered":"Publicerad 11 dec 2025 kl 21.32Uppdaterad 12 dec kl 01.23 De minsta kistorna \u00e4r tyngst att b\u00e4ra.\u00a0 Ett&hellip;\n","protected":false},"author":2,"featured_media":103389,"comment_status":"","ping_status":"","sticky":false,"template":"","format":"standard","meta":{"footnotes":""},"categories":[14],"tags":[22,23,26,27,17,21,24,25,58,11711,28,29,15,16,11712,4315,18,34,55,31,33,32,30,19,60,20,51,52,53,54],"class_list":{"0":"post-103388","1":"post","2":"type-post","3":"status-publish","4":"format-standard","5":"has-post-thumbnail","7":"category-varlden","8":"tag-breaking-news","9":"tag-breakingnews","10":"tag-featured-news","11":"tag-featurednews","12":"tag-headlines","13":"tag-huvudnyheter","14":"tag-latest-news","15":"tag-latestnews","16":"tag-location-israel","17":"tag-location-libanon","18":"tag-main-news","19":"tag-mainnews","20":"tag-news","21":"tag-nyheter","22":"tag-organization-hizbollah","23":"tag-organization-idf","24":"tag-rubriker","25":"tag-se","26":"tag-sections-varlden","27":"tag-svenska","28":"tag-sverige","29":"tag-sweden","30":"tag-swedish","31":"tag-top-stories","32":"tag-topic-krig-konflikt","33":"tag-topstories","34":"tag-varlden","35":"tag-world","36":"tag-world-news","37":"tag-worldnews"},"share_on_mastodon":{"url":"https:\/\/pubeurope.com\/@se\/115704901410745292","error":""},"_links":{"self":[{"href":"https:\/\/www.europesays.com\/se\/wp-json\/wp\/v2\/posts\/103388","targetHints":{"allow":["GET"]}}],"collection":[{"href":"https:\/\/www.europesays.com\/se\/wp-json\/wp\/v2\/posts"}],"about":[{"href":"https:\/\/www.europesays.com\/se\/wp-json\/wp\/v2\/types\/post"}],"author":[{"embeddable":true,"href":"https:\/\/www.europesays.com\/se\/wp-json\/wp\/v2\/users\/2"}],"replies":[{"embeddable":true,"href":"https:\/\/www.europesays.com\/se\/wp-json\/wp\/v2\/comments?post=103388"}],"version-history":[{"count":0,"href":"https:\/\/www.europesays.com\/se\/wp-json\/wp\/v2\/posts\/103388\/revisions"}],"wp:featuredmedia":[{"embeddable":true,"href":"https:\/\/www.europesays.com\/se\/wp-json\/wp\/v2\/media\/103389"}],"wp:attachment":[{"href":"https:\/\/www.europesays.com\/se\/wp-json\/wp\/v2\/media?parent=103388"}],"wp:term":[{"taxonomy":"category","embeddable":true,"href":"https:\/\/www.europesays.com\/se\/wp-json\/wp\/v2\/categories?post=103388"},{"taxonomy":"post_tag","embeddable":true,"href":"https:\/\/www.europesays.com\/se\/wp-json\/wp\/v2\/tags?post=103388"}],"curies":[{"name":"wp","href":"https:\/\/api.w.org\/{rel}","templated":true}]}}