{"id":103392,"date":"2025-12-12T05:19:15","date_gmt":"2025-12-12T05:19:15","guid":{"rendered":"https:\/\/www.europesays.com\/se\/103392\/"},"modified":"2025-12-12T05:19:15","modified_gmt":"2025-12-12T05:19:15","slug":"de-har-fel-om-vilka-som-borde-fa-gratis-vaccin-jonkopings-posten","status":"publish","type":"post","link":"https:\/\/www.europesays.com\/se\/103392\/","title":{"rendered":"De har fel om vilka som borde f\u00e5 gratis vaccin \u2013 J\u00f6nk\u00f6pings-Posten"},"content":{"rendered":"<p>N\u00e4r KD nu vill att personer som hunnit fylla 27 \u00e4nd\u00e5 ska erbjudas vaccination \u00f6ppnar man f\u00f6r retroaktiv kompensation. Det vore fel, menar regionens styre i en replik. <\/p>\n<p>Detta \u00e4r ett debattinl\u00e4gg.Skribenterna svarar f\u00f6r \u00e5sikterna.<\/p>\n<p><strong>REPLIK.<\/strong> Samverkan i Region J\u00f6nk\u00f6pings l\u00e4n har sedan tilltr\u00e4det \u00e5r 2022 arbetat aktivt f\u00f6r en likv\u00e4rdig och tillg\u00e4nglig v\u00e5rd. Som ett led i detta arbete har vi d\u00e4rf\u00f6r valt att inf\u00f6ra avgiftsfritt HPV-vaccin f\u00f6r alla upp till och med 26 \u00e5rs \u00e5lder. Sverige kan bli det f\u00f6rsta landet i v\u00e4rlden att helt utrota livmoderhalscancer och Region J\u00f6nk\u00f6pings l\u00e4n g\u00f6r sitt f\u00f6r att bidra till detta. \u00a0<\/p>\n<p aria-disabled=\"true\" class=\"ad__preamble ad-text txt-style-muted txt-ui txt-ui--strong txt-ui-2\">Annons<\/p>\n<p>Alla vaccinationsprogram beh\u00f6ver dock ha n\u00e5gon typ av avgr\u00e4nsning. I detta fall just 26 \u00e5r, i enlighet med Folkh\u00e4lsomyndighetens rekommendationer. Vidare s\u00e4ger \u00e4ven Folkh\u00e4lsomyndigheten att personer \u00f6ver 26 \u00e5r har en begr\u00e4nsad nytta av HPV-vaccinet. Gr\u00e4nsdragningen \u00e4r s\u00e5ledes grundad p\u00e5 r\u00e5d fr\u00e5n relevant myndighet och experter.\u00a0<\/p>\n<p><img decoding=\"async\" width=\"640\" height=\"427\" class=\"article-image article-image--unbound\" alt=\"Kerstin Hammar (M). \" src=\"https:\/\/www.europesays.com\/se\/wp-content\/uploads\/2025\/12\/cf10a58e-f4dc-4959-9a73-c85575a2f539.jpg\"   loading=\"lazy\"\/><a class=\"article__lightbox-link\" href=\"https:\/\/static.bonniernews.se\/ba\/cf10a58e-f4dc-4959-9a73-c85575a2f539.jpg?width=1400&amp;format=pjpg&amp;auto=avif\" data-pswp-width=\"1400\" data-pswp-height=\"934\" data-pswp-caption=\"Kerstin Hammar (M).  Bild: Pressbild \" data-pswp- rel=\"nofollow noopener\" target=\"_blank\">\u00d6ppna bild i helsk\u00e4rmsl\u00e4ge<\/a><\/p>\n<p class=\"txt-style-muted\" aria-hidden=\"true\">Kerstin Hammar (M). <\/p>\n<p class=\"article__figcaption-attribution txt-style-muted\">Bild: Pressbild <\/p>\n<p aria-disabled=\"true\" class=\"ad__preamble ad-text txt-style-muted txt-ui txt-ui--strong txt-ui-2\">Annons<\/p>\n<p><a class=\"article__content-link\" href=\"https:\/\/www.jp.se\/artikel\/vaccin-raddar-liv-lat-inte-unga-man-drabbas\/\" rel=\"nofollow noopener\" target=\"_blank\">N\u00e4r Kristdemokraterna nu vill att personer som hunnit fylla 27 \u00e5r<\/a> och inte omfattas av vaccinationen \u00e4nd\u00e5 ska erbjudas vaccination \u00f6ppnar man f\u00f6r retroaktiv kompensation. Rimligtvis kan nya reformer, riktlinjer och reglementen inte vara grundande f\u00f6r ers\u00e4ttning i efterhand. Fr\u00e5gan blir d\u00e4rf\u00f6r vilka andra reformer vill KD kompensera f\u00f6r i efterhand? Och hur har man t\u00e4nkt finansiera det?<\/p>\n<p><img decoding=\"async\" width=\"640\" height=\"427\" class=\"article-image article-image--unbound\" alt=\"Martin Nedergaard-Hansen (VD). \" src=\"https:\/\/www.europesays.com\/se\/wp-content\/uploads\/2025\/12\/96201493-5d43-488c-acf6-64f54a31bdc1.jpg\"   loading=\"lazy\"\/><a class=\"article__lightbox-link\" href=\"https:\/\/static.bonniernews.se\/ba\/96201493-5d43-488c-acf6-64f54a31bdc1.jpg?width=1400&amp;format=pjpg&amp;auto=avif\" data-pswp-width=\"1400\" data-pswp-height=\"933\" data-pswp-caption=\"Martin Nedergaard-Hansen (VD).  Bild: Rebecca Staf (arkivbild) \" data-pswp- rel=\"nofollow noopener\" target=\"_blank\">\u00d6ppna bild i helsk\u00e4rmsl\u00e4ge<\/a><\/p>\n<p class=\"txt-style-muted\" aria-hidden=\"true\">Martin Nedergaard-Hansen (VD). <\/p>\n<p class=\"article__figcaption-attribution txt-style-muted\">Bild: Rebecca Staf (arkivbild) <\/p>\n<p>Finansieringsfr\u00e5gan \u00e4r \u00e4ven relevant i detta fall. Kristdemokraterna har n\u00e4mligen inte lagt n\u00e5got f\u00f6rslag om avgiftsfri HPV-vaccinering f\u00f6r m\u00e4n som hunnit fylla 27 under 2025. Varken i sin budget, regionfullm\u00e4ktige eller ber\u00f6rd n\u00e4mnd. Man f\u00e5r d\u00e4rf\u00f6r uppfattningen att KD g\u00f6r utspel f\u00f6r utspelens skull, utan n\u00e5gon faktiskt plan f\u00f6r hur man ska g\u00e5 tillv\u00e4ga i praktiken.\u00a0<\/p>\n<p aria-disabled=\"true\" class=\"ad__preamble ad-text txt-style-muted txt-ui txt-ui--strong txt-ui-2\">Annons<\/p>\n<p>Samverkan i Region J\u00f6nk\u00f6pings l\u00e4n st\u00e5r f\u00f6r en likv\u00e4rdig och tillg\u00e4nglig v\u00e5rd av h\u00f6g kvalitet. Vi tar ansvar och avs\u00e4tter d\u00e4rf\u00f6r medel i budget f\u00f6r 2026 d\u00e4r alla individer upp till 26 \u00e5r erbjuds vaccinet. Tillsammans utrotar vi livmoderhalscancer.\u00a0<\/p>\n<p><strong>Thomas Gustafsson (S), ordf\u00f6rande i n\u00e4mnden f\u00f6r Folkh\u00e4lsa och Sjukv\u00e5rd<\/strong><\/p>\n<p><strong>Martin Nedergaard-Hansen (VD), vice ordf\u00f6rande i n\u00e4mnden f\u00f6r Folkh\u00e4lsa och Sjukv\u00e5rd<\/strong><\/p>\n<p><strong>Kerstin Hammar (M), ledamot i n\u00e4mnden f\u00f6r Folkh\u00e4lsa och Sjukv\u00e5rd<\/strong><\/p>\n","protected":false},"excerpt":{"rendered":"N\u00e4r KD nu vill att personer som hunnit fylla 27 \u00e4nd\u00e5 ska erbjudas vaccination \u00f6ppnar man f\u00f6r retroaktiv&hellip;\n","protected":false},"author":2,"featured_media":103393,"comment_status":"","ping_status":"","sticky":false,"template":"","format":"standard","meta":{"footnotes":""},"categories":[69],"tags":[113,112,34,31,33,32,30],"class_list":{"0":"post-103392","1":"post","2":"type-post","3":"status-publish","4":"format-standard","5":"has-post-thumbnail","7":"category-halsa","8":"tag-halsa","9":"tag-health","10":"tag-se","11":"tag-svenska","12":"tag-sverige","13":"tag-sweden","14":"tag-swedish"},"share_on_mastodon":{"url":"https:\/\/pubeurope.com\/@se\/115704913735494033","error":""},"_links":{"self":[{"href":"https:\/\/www.europesays.com\/se\/wp-json\/wp\/v2\/posts\/103392","targetHints":{"allow":["GET"]}}],"collection":[{"href":"https:\/\/www.europesays.com\/se\/wp-json\/wp\/v2\/posts"}],"about":[{"href":"https:\/\/www.europesays.com\/se\/wp-json\/wp\/v2\/types\/post"}],"author":[{"embeddable":true,"href":"https:\/\/www.europesays.com\/se\/wp-json\/wp\/v2\/users\/2"}],"replies":[{"embeddable":true,"href":"https:\/\/www.europesays.com\/se\/wp-json\/wp\/v2\/comments?post=103392"}],"version-history":[{"count":0,"href":"https:\/\/www.europesays.com\/se\/wp-json\/wp\/v2\/posts\/103392\/revisions"}],"wp:featuredmedia":[{"embeddable":true,"href":"https:\/\/www.europesays.com\/se\/wp-json\/wp\/v2\/media\/103393"}],"wp:attachment":[{"href":"https:\/\/www.europesays.com\/se\/wp-json\/wp\/v2\/media?parent=103392"}],"wp:term":[{"taxonomy":"category","embeddable":true,"href":"https:\/\/www.europesays.com\/se\/wp-json\/wp\/v2\/categories?post=103392"},{"taxonomy":"post_tag","embeddable":true,"href":"https:\/\/www.europesays.com\/se\/wp-json\/wp\/v2\/tags?post=103392"}],"curies":[{"name":"wp","href":"https:\/\/api.w.org\/{rel}","templated":true}]}}