{"id":103400,"date":"2025-12-12T05:27:10","date_gmt":"2025-12-12T05:27:10","guid":{"rendered":"https:\/\/www.europesays.com\/se\/103400\/"},"modified":"2025-12-12T05:27:10","modified_gmt":"2025-12-12T05:27:10","slug":"lo-spar-lyft-hogsta-loneokningen-sedan-2009","status":"publish","type":"post","link":"https:\/\/www.europesays.com\/se\/103400\/","title":{"rendered":"LO sp\u00e5r lyft \u2013 h\u00f6gsta l\u00f6ne\u00f6kningen sedan 2009"},"content":{"rendered":"<p>Svensk ekonomi g\u00e5r mot ljusare tider och st\u00f6rre l\u00f6nep\u00e5slag och l\u00e4gre inflation \u00e4r n\u00e5gra orsaker bakom. Det s\u00e4ger LO:s chefsekonom Torbj\u00f6rn H\u00e5ll\u00f6 till Ekot. <\/p>\n<p>Han p\u00e5pekar att reall\u00f6ne\u00f6kningarna kommer att vara de h\u00f6gsta p\u00e5 n\u00e4stan 20 \u00e5r, p\u00e5 3 procent i \u00e5r och 3,2 procent n\u00e4sta \u00e5r. <\/p>\n<p>\u2013 Det g\u00f6r att folk kan konsumera mer och det driver i sin tur tillv\u00e4xten, s\u00e4ger han. <\/p>\n<p>LO:s ekonomer sp\u00e5r samtidigt att ekonomin v\u00e4xer 1,6 procent 2025 och n\u00e4stan dubbelt s\u00e5 mycket \u00e5ret d\u00e4rp\u00e5. Men det betyder inte n\u00f6dv\u00e4ndigtvis att arbetsmarknaden f\u00f6rb\u00e4ttras n\u00e4mnv\u00e4rt, p\u00e5pekar H\u00e5ll\u00f6. <\/p>\n<p>Omni \u00e4r politiskt obundna och oberoende. Vi str\u00e4var efter att ge fler perspektiv p\u00e5 nyheterna. Har du fr\u00e5gor eller synpunkter kring v\u00e5r rapportering? <a href=\"https:\/\/omni.se\/spar-lyft-i-ekonomin-hogsta-lonepaslagen-sedan-2009\/a\/mailto:redaktion@omni.se\" class=\"ArticleActions_contactLink__W2F1M\" rel=\"nofollow noopener\" target=\"_blank\">Kontakta redaktionen<\/a><\/p>\n","protected":false},"excerpt":{"rendered":"Svensk ekonomi g\u00e5r mot ljusare tider och st\u00f6rre l\u00f6nep\u00e5slag och l\u00e4gre inflation \u00e4r n\u00e5gra orsaker bakom. Det s\u00e4ger&hellip;\n","protected":false},"author":2,"featured_media":103401,"comment_status":"","ping_status":"","sticky":false,"template":"","format":"standard","meta":{"footnotes":""},"categories":[5],"tags":[720,22,23,26,27,17,21,24,25,11713,28,29,324,320,15,16,349,18,34,31,33,32,30,19,20],"class_list":{"0":"post-103400","1":"post","2":"type-post","3":"status-publish","4":"format-standard","5":"has-post-thumbnail","7":"category-rubriker","8":"tag-arbetsmarknad","9":"tag-breaking-news","10":"tag-breakingnews","11":"tag-featured-news","12":"tag-featurednews","13":"tag-headlines","14":"tag-huvudnyheter","15":"tag-latest-news","16":"tag-latestnews","17":"tag-lonesattning","18":"tag-main-news","19":"tag-mainnews","20":"tag-makroekonomi","21":"tag-makroprognoser","22":"tag-news","23":"tag-nyheter","24":"tag-privatekonomi","25":"tag-rubriker","26":"tag-se","27":"tag-svenska","28":"tag-sverige","29":"tag-sweden","30":"tag-swedish","31":"tag-top-stories","32":"tag-topstories"},"share_on_mastodon":{"url":"https:\/\/pubeurope.com\/@se\/115704944569669294","error":""},"_links":{"self":[{"href":"https:\/\/www.europesays.com\/se\/wp-json\/wp\/v2\/posts\/103400","targetHints":{"allow":["GET"]}}],"collection":[{"href":"https:\/\/www.europesays.com\/se\/wp-json\/wp\/v2\/posts"}],"about":[{"href":"https:\/\/www.europesays.com\/se\/wp-json\/wp\/v2\/types\/post"}],"author":[{"embeddable":true,"href":"https:\/\/www.europesays.com\/se\/wp-json\/wp\/v2\/users\/2"}],"replies":[{"embeddable":true,"href":"https:\/\/www.europesays.com\/se\/wp-json\/wp\/v2\/comments?post=103400"}],"version-history":[{"count":0,"href":"https:\/\/www.europesays.com\/se\/wp-json\/wp\/v2\/posts\/103400\/revisions"}],"wp:featuredmedia":[{"embeddable":true,"href":"https:\/\/www.europesays.com\/se\/wp-json\/wp\/v2\/media\/103401"}],"wp:attachment":[{"href":"https:\/\/www.europesays.com\/se\/wp-json\/wp\/v2\/media?parent=103400"}],"wp:term":[{"taxonomy":"category","embeddable":true,"href":"https:\/\/www.europesays.com\/se\/wp-json\/wp\/v2\/categories?post=103400"},{"taxonomy":"post_tag","embeddable":true,"href":"https:\/\/www.europesays.com\/se\/wp-json\/wp\/v2\/tags?post=103400"}],"curies":[{"name":"wp","href":"https:\/\/api.w.org\/{rel}","templated":true}]}}