{"id":103410,"date":"2025-12-12T05:45:45","date_gmt":"2025-12-12T05:45:45","guid":{"rendered":"https:\/\/www.europesays.com\/se\/103410\/"},"modified":"2025-12-12T05:45:45","modified_gmt":"2025-12-12T05:45:45","slug":"ministern-slar-ifran-sig-kritik-mot-sankt-a-kassa-system-som-passiviserat","status":"publish","type":"post","link":"https:\/\/www.europesays.com\/se\/103410\/","title":{"rendered":"Ministern sl\u00e5r ifr\u00e5n sig kritik mot s\u00e4nkt a-kassa: \u201dSystem som passiviserat\u201d"},"content":{"rendered":"<p>Arbetsmarknadsminister Johan Britz (L) f\u00f6rsvarar regeringens s\u00e4nkning av a\u2011kassan, trots stigande arbetsl\u00f6shet, rapporterar Aftonbladet. Han menar att systemet tidigare gjort det m\u00f6jligt att leva p\u00e5 bidrag utan att arbeta.<\/p>\n<p>\u2013 Vi har haft system som har passiviserat m\u00e4nniskor, s\u00e4ger Johan Britz till tidningen. <\/p>\n<p>Regeringen beslutade nyligen att ers\u00e4ttningen f\u00f6r de som \u00e4r arbetsl\u00f6sa ska trappas ner var hundrade dag och till slut landa p\u00e5 8\u202f030 kronor i m\u00e5naden. Arbetsl\u00f6sheten ligger enligt Statistiska centralbyr\u00e5n p\u00e5 8,9 procent. Sverige har d\u00e4rmed EU:s tredje h\u00f6gsta arbetsl\u00f6shet. <\/p>\n<p>Omni \u00e4r politiskt obundna och oberoende. Vi str\u00e4var efter att ge fler perspektiv p\u00e5 nyheterna. Har du fr\u00e5gor eller synpunkter kring v\u00e5r rapportering? <a href=\"https:\/\/omni.se\/ministern-slar-ifran-sig-kritik-mot-sankt-a-kassa-system-som-passiviserat\/a\/mailto:redaktion@omni.se\" class=\"ArticleActions_contactLink__W2F1M\" rel=\"nofollow noopener\" target=\"_blank\">Kontakta redaktionen<\/a><\/p>\n","protected":false},"excerpt":{"rendered":"Arbetsmarknadsminister Johan Britz (L) f\u00f6rsvarar regeringens s\u00e4nkning av a\u2011kassan, trots stigande arbetsl\u00f6shet, rapporterar Aftonbladet. Han menar att systemet&hellip;\n","protected":false},"author":2,"featured_media":103411,"comment_status":"","ping_status":"","sticky":false,"template":"","format":"standard","meta":{"footnotes":""},"categories":[5],"tags":[1435,22,23,73,26,27,17,21,2444,24,25,639,28,29,551,15,16,369,18,1580,34,1648,1581,31,33,32,30,19,20],"class_list":{"0":"post-103410","1":"post","2":"type-post","3":"status-publish","4":"format-standard","5":"has-post-thumbnail","7":"category-rubriker","8":"tag-arbetsmarknadspolitik","9":"tag-breaking-news","10":"tag-breakingnews","11":"tag-eu","12":"tag-featured-news","13":"tag-featurednews","14":"tag-headlines","15":"tag-huvudnyheter","16":"tag-johan-britz","17":"tag-latest-news","18":"tag-latestnews","19":"tag-liberalerna","20":"tag-main-news","21":"tag-mainnews","22":"tag-moderaterna","23":"tag-news","24":"tag-nyheter","25":"tag-politik","26":"tag-rubriker","27":"tag-scb","28":"tag-se","29":"tag-socialpolitik","30":"tag-statistiska-centralbyran","31":"tag-svenska","32":"tag-sverige","33":"tag-sweden","34":"tag-swedish","35":"tag-top-stories","36":"tag-topstories"},"share_on_mastodon":{"url":"https:\/\/pubeurope.com\/@se\/115705015383130752","error":""},"_links":{"self":[{"href":"https:\/\/www.europesays.com\/se\/wp-json\/wp\/v2\/posts\/103410","targetHints":{"allow":["GET"]}}],"collection":[{"href":"https:\/\/www.europesays.com\/se\/wp-json\/wp\/v2\/posts"}],"about":[{"href":"https:\/\/www.europesays.com\/se\/wp-json\/wp\/v2\/types\/post"}],"author":[{"embeddable":true,"href":"https:\/\/www.europesays.com\/se\/wp-json\/wp\/v2\/users\/2"}],"replies":[{"embeddable":true,"href":"https:\/\/www.europesays.com\/se\/wp-json\/wp\/v2\/comments?post=103410"}],"version-history":[{"count":0,"href":"https:\/\/www.europesays.com\/se\/wp-json\/wp\/v2\/posts\/103410\/revisions"}],"wp:featuredmedia":[{"embeddable":true,"href":"https:\/\/www.europesays.com\/se\/wp-json\/wp\/v2\/media\/103411"}],"wp:attachment":[{"href":"https:\/\/www.europesays.com\/se\/wp-json\/wp\/v2\/media?parent=103410"}],"wp:term":[{"taxonomy":"category","embeddable":true,"href":"https:\/\/www.europesays.com\/se\/wp-json\/wp\/v2\/categories?post=103410"},{"taxonomy":"post_tag","embeddable":true,"href":"https:\/\/www.europesays.com\/se\/wp-json\/wp\/v2\/tags?post=103410"}],"curies":[{"name":"wp","href":"https:\/\/api.w.org\/{rel}","templated":true}]}}