{"id":103412,"date":"2025-12-12T05:48:07","date_gmt":"2025-12-12T05:48:07","guid":{"rendered":"https:\/\/www.europesays.com\/se\/103412\/"},"modified":"2025-12-12T05:48:07","modified_gmt":"2025-12-12T05:48:07","slug":"sofia-wistam-har-gjort-en-brostoperation-efter-brostcancern","status":"publish","type":"post","link":"https:\/\/www.europesays.com\/se\/103412\/","title":{"rendered":"Sofia Wistam har gjort en br\u00f6stoperation efter br\u00f6stcancern"},"content":{"rendered":"<p>Publicerad 12 dec 2025 kl 06.10Uppdaterad kl 06.36<\/p>\n<p>Sofia Wistam har gjort en br\u00f6stoperation.\u00a0<\/p>\n<p>P\u00e5 Instagram ber\u00e4ttar hon om beslutet efter cancern.\u00a0<\/p>\n<p>\u201dDet var ett estetiskt ingrepp\u201d, skriver tv-profilen.<\/p>\n<p><img   alt=\"\"\/><\/p>\n<p>Sofia Wistam har gjort en br\u00f6stoperation efter att ha br\u00f6stcancern.<\/p>\n<p>Foto: Karin T\u00f6rnblom \/ IBL<\/p>\n<p>\u00d6ppna bild i helsk\u00e4rm<img loading=\"lazy\"   alt=\"\"\/><\/p>\n<p>Sofia Wistam i sjukhuss\u00e4ngen.<\/p>\n<p>Foto: Instagram<\/p>\n<p>\u00d6ppna bild i helsk\u00e4rm<img loading=\"lazy\"   alt=\"\"\/>\u00d6ppna bild i helsk\u00e4rm<\/p>\n<p>Det har g\u00e5tt 15 \u00e5r sedan tv-profilen <a href=\"https:\/\/www.expressen.se\/tagg\/person\/sofia-wistam\/\" class=\"\" rel=\"nofollow noopener\" target=\"_blank\">Sofia Wistam<\/a> drabbades av br\u00f6stcancern som tvingade henne att ta bort en del av sitt ena br\u00f6st.<\/p>\n<p>I ett inl\u00e4gg p\u00e5 Instagram ber\u00e4ttar Wistam att hon nu genomg\u00e5tt en br\u00f6stoperation f\u00f6r att korrigera br\u00f6stet.<\/p>\n<p>\u201dI fredags blev det \u00e4ntligen av\u201d, skriver hon i inl\u00e4gget.<\/p>\n<p>Tv-profilen skriver att operationen tog en och en halv timme och att hon inte beh\u00f6vde s\u00f6vas.<\/p>\n<p>\u201dDet var ett estetiskt ingrepp. Jag gjorde det enbart f\u00f6r mig sj\u00e4lv\u201d, f\u00f6rklarar hon ocks\u00e5.\u00a0<\/p>\n<p>I sitt inl\u00e4gg skriver hon att det nu v\u00e4ntar n\u00e5gra dagar med alvedon f\u00f6r att l\u00e4ka.<\/p>\n<p>Tankarna om att korrigera br\u00f6stet<\/p>\n<p>N\u00e4r Sofia Wistam drabbades av br\u00f6stcancer ber\u00e4ttade hon det enbart f\u00f6r sin make Magnus Wistam. Programledaren har talat \u00f6ppenhj\u00e4rtigt om den tuffa tiden och i tv-programmet \u201d\u00d6ver Atlanten\u201d ber\u00e4ttade hon bland annat att hon h\u00f6ll diagnosen hemlig f\u00f6r sina barn.\u00a0<\/p>\n<p>Wistam har ocks\u00e5 delat sina tankar om att korrigera det opererade br\u00f6stet.\u00a0<\/p>\n<p>\u2013 Jag har ett och ett halvt br\u00f6st. N\u00e4r jag har en tajt tr\u00f6ja t\u00e4nker jag ibland, undra om folk l\u00e4gger m\u00e4rke till det. Men sedan bara, nej det g\u00f6r de inte, sa hon n\u00e4r hon g\u00e4stade Anna Hegestrand podcast \u201dLivshjulet\u201d under sommaren 2022.<\/p>\n<p>\u2013 Det var sj\u00e4lvklart att inte g\u00f6ra ett helt nytt br\u00f6st men hade jag tagit bort hela br\u00f6stet s\u00e5 kanske jag hade gjort det, sa Wistam vidare.<\/p>\n<p>Expressen har s\u00f6kt Sofia Wistam.<\/p>\n<p><a href=\"https:\/\/www.instagram.com\/p\/DR9aHV3jD1U\/?hidecaption=true\" data-provider=\"instagram\" class=\"js-social-embed\" rel=\"nofollow noopener\" target=\"_blank\">https:\/\/www.instagram.com\/p\/DR9aHV3jD1U\/?hidecaption=true<\/a><script async src=\"\/\/www.instagram.com\/embed.js\"><\/script><\/p>\n","protected":false},"excerpt":{"rendered":"Publicerad 12 dec 2025 kl 06.10Uppdaterad kl 06.36 Sofia Wistam har gjort en br\u00f6stoperation.\u00a0 P\u00e5 Instagram ber\u00e4ttar hon&hellip;\n","protected":false},"author":2,"featured_media":103413,"comment_status":"","ping_status":"","sticky":false,"template":"","format":"standard","meta":{"footnotes":""},"categories":[67],"tags":[104,1043,34,31,33,32,30,310,105],"class_list":{"0":"post-103412","1":"post","2":"type-post","3":"status-publish","4":"format-standard","5":"has-post-thumbnail","7":"category-underhallning","8":"tag-entertainment","9":"tag-person-sofia-wistam","10":"tag-se","11":"tag-svenska","12":"tag-sverige","13":"tag-sweden","14":"tag-swedish","15":"tag-topic-kandisar","16":"tag-underhallning"},"share_on_mastodon":{"url":"https:\/\/pubeurope.com\/@se\/115705027294913029","error":""},"_links":{"self":[{"href":"https:\/\/www.europesays.com\/se\/wp-json\/wp\/v2\/posts\/103412","targetHints":{"allow":["GET"]}}],"collection":[{"href":"https:\/\/www.europesays.com\/se\/wp-json\/wp\/v2\/posts"}],"about":[{"href":"https:\/\/www.europesays.com\/se\/wp-json\/wp\/v2\/types\/post"}],"author":[{"embeddable":true,"href":"https:\/\/www.europesays.com\/se\/wp-json\/wp\/v2\/users\/2"}],"replies":[{"embeddable":true,"href":"https:\/\/www.europesays.com\/se\/wp-json\/wp\/v2\/comments?post=103412"}],"version-history":[{"count":0,"href":"https:\/\/www.europesays.com\/se\/wp-json\/wp\/v2\/posts\/103412\/revisions"}],"wp:featuredmedia":[{"embeddable":true,"href":"https:\/\/www.europesays.com\/se\/wp-json\/wp\/v2\/media\/103413"}],"wp:attachment":[{"href":"https:\/\/www.europesays.com\/se\/wp-json\/wp\/v2\/media?parent=103412"}],"wp:term":[{"taxonomy":"category","embeddable":true,"href":"https:\/\/www.europesays.com\/se\/wp-json\/wp\/v2\/categories?post=103412"},{"taxonomy":"post_tag","embeddable":true,"href":"https:\/\/www.europesays.com\/se\/wp-json\/wp\/v2\/tags?post=103412"}],"curies":[{"name":"wp","href":"https:\/\/api.w.org\/{rel}","templated":true}]}}