{"id":103417,"date":"2025-12-12T05:53:16","date_gmt":"2025-12-12T05:53:16","guid":{"rendered":"https:\/\/www.europesays.com\/se\/103417\/"},"modified":"2025-12-12T05:53:16","modified_gmt":"2025-12-12T05:53:16","slug":"elisabeth-thand-ringqvist-vander-i-regeringsfragan-centerpartiet-kan-vanta-med-besked-till-efter-valet","status":"publish","type":"post","link":"https:\/\/www.europesays.com\/se\/103417\/","title":{"rendered":"Elisabeth Thand Ringqvist v\u00e4nder i regeringsfr\u00e5gan \u2013 Centerpartiet kan v\u00e4nta med besked till efter valet"},"content":{"rendered":"<p>Vid sp\u00e5r 13 p\u00e5<strong> <\/strong>Centralstationen i Stockholm st\u00e5r den fj\u00e4rde centerledaren p\u00e5 lika m\u00e5nga \u00e5r.<\/p>\n<p>Elisabeth Thand Ringqvist ska g\u00f6ra sin f\u00f6rsta resa ut i partilandet.<\/p>\n<p>F\u00f6re p\u00e5sk ska hon ha bes\u00f6kt landets samtliga 29 riksdagsvalkretsar. F\u00f6rst ut \u00e4r \u00d6sterg\u00f6tland.<\/p>\n<p>Thand Ringqvist har precis tagit \u00f6ver ett parti som, enligt sin senaste eftervalsanalys, saknar tydliga profilfr\u00e5gor \u2013 och aldrig haft s\u00e5 f\u00e5 k\u00e4rnv\u00e4ljare som nu.<\/p>\n<p><strong>En kollega tyckte att jag skulle fr\u00e5ga: Hur k\u00e4nns det att leda ett meningsl\u00f6st parti?<\/strong><\/p>\n","protected":false},"excerpt":{"rendered":"Vid sp\u00e5r 13 p\u00e5 Centralstationen i Stockholm st\u00e5r den fj\u00e4rde centerledaren p\u00e5 lika m\u00e5nga \u00e5r. Elisabeth Thand Ringqvist&hellip;\n","protected":false},"author":2,"featured_media":103418,"comment_status":"","ping_status":"","sticky":false,"template":"","format":"standard","meta":{"footnotes":""},"categories":[5],"tags":[22,23,26,27,17,21,24,25,28,29,15,16,18,34,31,33,32,30,19,20],"class_list":{"0":"post-103417","1":"post","2":"type-post","3":"status-publish","4":"format-standard","5":"has-post-thumbnail","7":"category-rubriker","8":"tag-breaking-news","9":"tag-breakingnews","10":"tag-featured-news","11":"tag-featurednews","12":"tag-headlines","13":"tag-huvudnyheter","14":"tag-latest-news","15":"tag-latestnews","16":"tag-main-news","17":"tag-mainnews","18":"tag-news","19":"tag-nyheter","20":"tag-rubriker","21":"tag-se","22":"tag-svenska","23":"tag-sverige","24":"tag-sweden","25":"tag-swedish","26":"tag-top-stories","27":"tag-topstories"},"share_on_mastodon":{"url":"https:\/\/pubeurope.com\/@se\/115705046834280293","error":""},"_links":{"self":[{"href":"https:\/\/www.europesays.com\/se\/wp-json\/wp\/v2\/posts\/103417","targetHints":{"allow":["GET"]}}],"collection":[{"href":"https:\/\/www.europesays.com\/se\/wp-json\/wp\/v2\/posts"}],"about":[{"href":"https:\/\/www.europesays.com\/se\/wp-json\/wp\/v2\/types\/post"}],"author":[{"embeddable":true,"href":"https:\/\/www.europesays.com\/se\/wp-json\/wp\/v2\/users\/2"}],"replies":[{"embeddable":true,"href":"https:\/\/www.europesays.com\/se\/wp-json\/wp\/v2\/comments?post=103417"}],"version-history":[{"count":0,"href":"https:\/\/www.europesays.com\/se\/wp-json\/wp\/v2\/posts\/103417\/revisions"}],"wp:featuredmedia":[{"embeddable":true,"href":"https:\/\/www.europesays.com\/se\/wp-json\/wp\/v2\/media\/103418"}],"wp:attachment":[{"href":"https:\/\/www.europesays.com\/se\/wp-json\/wp\/v2\/media?parent=103417"}],"wp:term":[{"taxonomy":"category","embeddable":true,"href":"https:\/\/www.europesays.com\/se\/wp-json\/wp\/v2\/categories?post=103417"},{"taxonomy":"post_tag","embeddable":true,"href":"https:\/\/www.europesays.com\/se\/wp-json\/wp\/v2\/tags?post=103417"}],"curies":[{"name":"wp","href":"https:\/\/api.w.org\/{rel}","templated":true}]}}