{"id":103419,"date":"2025-12-12T05:56:08","date_gmt":"2025-12-12T05:56:08","guid":{"rendered":"https:\/\/www.europesays.com\/se\/103419\/"},"modified":"2025-12-12T05:56:08","modified_gmt":"2025-12-12T05:56:08","slug":"obduktionen-visar-sa-dog-tiger-kings-van-varlden","status":"publish","type":"post","link":"https:\/\/www.europesays.com\/se\/103419\/","title":{"rendered":"Obduktionen visar \u2013 s\u00e5 dog \u201dTiger Kings\u201d v\u00e4n | V\u00e4rlden"},"content":{"rendered":"<p>Publicerad 12 dec 2025 kl 00.54Uppdaterad kl 04.32<\/p>\n<p>Under p\u00e5g\u00e5ende show gick tigern till rasande attack mot sin egen tr\u00e4nare \u2013 Ryan Easley \u2013 som var chansl\u00f6s.\u00a0<\/p>\n<p>Obduktionsresultatet sl\u00e5r nu fast den exakta d\u00f6dsorsaken, rapporterar <a href=\"https:\/\/www.tmz.com\/2025\/12\/11\/tiger-king-ryan-easley-cause-of-death\/\" rel=\"nofollow noopener\" target=\"_blank\">TMZ<\/a>.\u00a0<\/p>\n<p>\u201dIngen kan skylla p\u00e5 tigern f\u00f6r vad som h\u00e4nde\u201d, kommenterade hans v\u00e4n \u201dJoe Exotic\u201d d\u00f6dsfallet.\u00a0<\/p>\n<p>Senaste nyhetsklippen fr\u00e5n Expressen.<img   alt=\"\"\/><\/p>\n<p>Ryan Easley d\u00f6dades av sin egen tiger. Han blev 37 \u00e5r.<\/p>\n<p>Foto: Facebook<\/p>\n<p>\u00d6ppna bild i helsk\u00e4rm<img loading=\"lazy\"   alt=\"\"\/><\/p>\n<p>Joseph \u201dJoe Exotic\u201d Maldonado.<\/p>\n<p>Foto: AP \/ AP TT NYHETSBYR\u00c5N<\/p>\n<p>\u00d6ppna bild i helsk\u00e4rm<img loading=\"lazy\"   alt=\"\"\/><\/p>\n<p>Tigersk\u00f6taren Carole Baskin, Maldonados fr\u00e4msta rival.<\/p>\n<p>Foto: LOREN ELLIOTT \/ AP TT NYHETSBYR\u00c5N<\/p>\n<p>\u00d6ppna bild i helsk\u00e4rm<\/p>\n<p>Det var i september som tigertr\u00e4naren Ryan Easley d\u00f6dades av en av sina tigrar under en p\u00e5g\u00e5ende show i sitt tigerreservat Growler Pines i <a href=\"https:\/\/www.expressen.se\/tagg\/location\/oklahoma\/\" class=\"\" rel=\"nofollow noopener\" target=\"_blank\">Oklahoma<\/a>.\u00a0<\/p>\n<p>Nu har obduktionsprotokollet offentliggjorts, rapporterar TMZ.\u00a0<\/p>\n<p>Det visar att d\u00f6dsorsaken var \u201dtrubbigt v\u00e5ld, skarpt v\u00e5ld, och krosskador\u201d till f\u00f6ljd av att ha massakrerats i tigerns k\u00e4ftar.\u00a0<\/p>\n<p>Easley blev 37 \u00e5r.\u00a0<\/p>\n<p>En av dem som uttryckte sina kondoleanser var Joseph Allen \u201dJoe Exotic\u201d Maldonado, 62, som blev \u00f6k\u00e4nd \u00f6ver hela v\u00e4rlden med Netflix-succ\u00e9n \u201dTiger King\u201d 2020.\u00a0<\/p>\n<p>\u201dJag har k\u00e4nt Ryan i m\u00e5nga \u00e5r. Ingen kan skylla p\u00e5 tigern f\u00f6r vad som h\u00e4nde. Vi tar alla risker i det vi g\u00f6r och vi beh\u00f6ver inte fler lagar f\u00f6r att f\u00f6rbjuda tigrar p\u00e5 grund av det h\u00e4r eftersom du kan bli d\u00f6dad n\u00e4r du g\u00f6r vad som helst\u201d, skrev Maldonado p\u00e5 X efter d\u00f6dsfallet, rapporterade <a href=\"https:\/\/www.foxnews.com\/us\/animal-handler-linked-tiger-king-attacked-killed-tiger-during-performance\" rel=\"nofollow noopener\" target=\"_blank\">Fox News<\/a>.\u00a0<\/p>\n<p>Peta: \u201dGrymma cirkusf\u00f6rest\u00e4llningar\u201d<\/p>\n<p>Djurr\u00e4ttsorganisationen Peta kommenterade ocks\u00e5 d\u00f6dsfallet, i en mindre beklagande ton. Peta anklagade Easley f\u00f6r att ha bedrivit ett \u201dv\u00e4gkantszoo\u201d och f\u00f6r att resa runt med tigrarna och \u201dtvinga dem att upptr\u00e4da i grymma cirkusf\u00f6rest\u00e4llningar\u201d.\u00a0<\/p>\n<p>Organisationen uppger \u00e4ven att Maldonado tidigare k\u00f6pt tigrar av Easley.\u00a0<\/p>\n<p>Ett \u00e5r innan Netflixpremi\u00e4ren d\u00f6mdes Maldonado till 22 \u00e5rs f\u00e4ngelse f\u00f6r en mordkomplott mot rivalen Carole Baskin \u2013 som han anklagar f\u00f6r att ha m\u00f6rdat sin make och ha matat honom till parets tigrar \u2013 och omfattande djurpl\u00e5gerier.\u00a0<\/p>\n<p>Efter en \u00f6verklagan lyckades han banta straffet till 21 \u00e5r 2022 och har i perioder suttit av straffet p\u00e5 ett f\u00e4ngelsesjukhus d\u00e5 han drabbats av aggressiv prostatacancer.\u00a0<\/p>\n<p>Tidigare i \u00e5r ber\u00e4ttade han p\u00e5 sitt X-konto, som han uppenbarligen f\u00e5r driva fr\u00e5n f\u00e4ngelset, gifte han sig med medf\u00e5ngen Jorge Flores, 33. \u00a0<\/p>\n","protected":false},"excerpt":{"rendered":"Publicerad 12 dec 2025 kl 00.54Uppdaterad kl 04.32 Under p\u00e5g\u00e5ende show gick tigern till rasande attack mot sin&hellip;\n","protected":false},"author":2,"featured_media":103420,"comment_status":"","ping_status":"","sticky":false,"template":"","format":"standard","meta":{"footnotes":""},"categories":[67],"tags":[104,11714,45,1839,11715,34,55,31,33,32,30,527,427,436,105],"class_list":{"0":"post-103419","1":"post","2":"type-post","3":"status-publish","4":"format-standard","5":"has-post-thumbnail","7":"category-underhallning","8":"tag-entertainment","9":"tag-location-oklahoma","10":"tag-location-usa","11":"tag-organization-netflix","12":"tag-organization-tiger-king","13":"tag-se","14":"tag-sections-varlden","15":"tag-svenska","16":"tag-sverige","17":"tag-sweden","18":"tag-swedish","19":"tag-topic-djur-natur","20":"tag-topic-dodsfall","21":"tag-topic-valdsbrott-mord","22":"tag-underhallning"},"share_on_mastodon":{"url":"https:\/\/pubeurope.com\/@se\/115705058705004802","error":""},"_links":{"self":[{"href":"https:\/\/www.europesays.com\/se\/wp-json\/wp\/v2\/posts\/103419","targetHints":{"allow":["GET"]}}],"collection":[{"href":"https:\/\/www.europesays.com\/se\/wp-json\/wp\/v2\/posts"}],"about":[{"href":"https:\/\/www.europesays.com\/se\/wp-json\/wp\/v2\/types\/post"}],"author":[{"embeddable":true,"href":"https:\/\/www.europesays.com\/se\/wp-json\/wp\/v2\/users\/2"}],"replies":[{"embeddable":true,"href":"https:\/\/www.europesays.com\/se\/wp-json\/wp\/v2\/comments?post=103419"}],"version-history":[{"count":0,"href":"https:\/\/www.europesays.com\/se\/wp-json\/wp\/v2\/posts\/103419\/revisions"}],"wp:featuredmedia":[{"embeddable":true,"href":"https:\/\/www.europesays.com\/se\/wp-json\/wp\/v2\/media\/103420"}],"wp:attachment":[{"href":"https:\/\/www.europesays.com\/se\/wp-json\/wp\/v2\/media?parent=103419"}],"wp:term":[{"taxonomy":"category","embeddable":true,"href":"https:\/\/www.europesays.com\/se\/wp-json\/wp\/v2\/categories?post=103419"},{"taxonomy":"post_tag","embeddable":true,"href":"https:\/\/www.europesays.com\/se\/wp-json\/wp\/v2\/tags?post=103419"}],"curies":[{"name":"wp","href":"https:\/\/api.w.org\/{rel}","templated":true}]}}