{"id":103425,"date":"2025-12-12T06:00:07","date_gmt":"2025-12-12T06:00:07","guid":{"rendered":"https:\/\/www.europesays.com\/se\/103425\/"},"modified":"2025-12-12T06:00:07","modified_gmt":"2025-12-12T06:00:07","slug":"deras-mamma-lamnades-utan-hjalp-nu-berattar-dottrarna-nerikes-allehanda","status":"publish","type":"post","link":"https:\/\/www.europesays.com\/se\/103425\/","title":{"rendered":"Deras mamma l\u00e4mnades utan hj\u00e4lp \u2013 nu ber\u00e4ttar d\u00f6ttrarna \u2013 Nerikes Allehanda"},"content":{"rendered":"<p>I k\u00f6ket i Solhaga sitter systrarna Annette Mellstr\u00f6m och Monica Abrahamsson. Inte l\u00e5ngt d\u00e4rifr\u00e5n, p\u00e5 Karlslundsg\u00e5rden, bodde deras mamma Barbro Mellstr\u00f6m. Nu \u00e4r Barbro d\u00f6d, hon dog en m\u00e5nad efter h\u00e4ndelsen p\u00e5 toaletten. Systrarna beskriver en kvinna som l\u00e5ngt in i demensen alltid hade en glimt i \u00f6gat, som g\u00e4rna gick ut och tog en cigg, eller \u201ctjuvr\u00f6kte\u201d som hon kallade det.<\/p>\n","protected":false},"excerpt":{"rendered":"I k\u00f6ket i Solhaga sitter systrarna Annette Mellstr\u00f6m och Monica Abrahamsson. Inte l\u00e5ngt d\u00e4rifr\u00e5n, p\u00e5 Karlslundsg\u00e5rden, bodde deras&hellip;\n","protected":false},"author":2,"featured_media":103426,"comment_status":"","ping_status":"","sticky":false,"template":"","format":"standard","meta":{"footnotes":""},"categories":[12],"tags":[22,23,26,27,17,21,24,25,28,29,15,16,18,34,31,33,32,30,19,20],"class_list":{"0":"post-103425","1":"post","2":"type-post","3":"status-publish","4":"format-standard","5":"has-post-thumbnail","7":"category-sverige","8":"tag-breaking-news","9":"tag-breakingnews","10":"tag-featured-news","11":"tag-featurednews","12":"tag-headlines","13":"tag-huvudnyheter","14":"tag-latest-news","15":"tag-latestnews","16":"tag-main-news","17":"tag-mainnews","18":"tag-news","19":"tag-nyheter","20":"tag-rubriker","21":"tag-se","22":"tag-svenska","23":"tag-sverige","24":"tag-sweden","25":"tag-swedish","26":"tag-top-stories","27":"tag-topstories"},"share_on_mastodon":{"url":"https:\/\/pubeurope.com\/@se\/115705074516617317","error":""},"_links":{"self":[{"href":"https:\/\/www.europesays.com\/se\/wp-json\/wp\/v2\/posts\/103425","targetHints":{"allow":["GET"]}}],"collection":[{"href":"https:\/\/www.europesays.com\/se\/wp-json\/wp\/v2\/posts"}],"about":[{"href":"https:\/\/www.europesays.com\/se\/wp-json\/wp\/v2\/types\/post"}],"author":[{"embeddable":true,"href":"https:\/\/www.europesays.com\/se\/wp-json\/wp\/v2\/users\/2"}],"replies":[{"embeddable":true,"href":"https:\/\/www.europesays.com\/se\/wp-json\/wp\/v2\/comments?post=103425"}],"version-history":[{"count":0,"href":"https:\/\/www.europesays.com\/se\/wp-json\/wp\/v2\/posts\/103425\/revisions"}],"wp:featuredmedia":[{"embeddable":true,"href":"https:\/\/www.europesays.com\/se\/wp-json\/wp\/v2\/media\/103426"}],"wp:attachment":[{"href":"https:\/\/www.europesays.com\/se\/wp-json\/wp\/v2\/media?parent=103425"}],"wp:term":[{"taxonomy":"category","embeddable":true,"href":"https:\/\/www.europesays.com\/se\/wp-json\/wp\/v2\/categories?post=103425"},{"taxonomy":"post_tag","embeddable":true,"href":"https:\/\/www.europesays.com\/se\/wp-json\/wp\/v2\/tags?post=103425"}],"curies":[{"name":"wp","href":"https:\/\/api.w.org\/{rel}","templated":true}]}}