{"id":10343,"date":"2025-08-21T13:39:10","date_gmt":"2025-08-21T13:39:10","guid":{"rendered":"https:\/\/www.europesays.com\/se\/10343\/"},"modified":"2025-08-21T13:39:10","modified_gmt":"2025-08-21T13:39:10","slug":"malmos-play-off-motstand-sigma-olomouc","status":"publish","type":"post","link":"https:\/\/www.europesays.com\/se\/10343\/","title":{"rendered":"Malm\u00f6s play off-motst\u00e5nd Sigma Olomouc"},"content":{"rendered":"<p>Publicerad 21 aug 2025 kl 14.07Uppdaterad kl 14.33<\/p>\n<p>PremiumPlayoff mot Tjeckiens&#8230; typ Sirius?<\/p>\n<p>Klart MFF \u201dska\u201d vinna.<\/p>\n<p>Ett litet problem bara: de har redan f\u00f6rtvivlat sv\u00e5rt f\u00f6r svenska Sirius.<\/p>\n<p>Expressen har tittat n\u00e4rmare p\u00e5 Sigma Olomouc, lagets styrkor och svagheter.<\/p>\n<p> Det \u00e4r klart att det vore ett dunderfiasko<\/p>\n<p> Tjeckernas osannolika siffror p\u00e5 fasta situationer<\/p>\n<p> St\u00f6rsta (enda?) stj\u00e4rnan br\u00f6t benet<\/p>\n<p><img   alt=\"\"\/><\/p>\n<p>Jens Stryger Larsen och hans MFF st\u00e4lls mot Sigma Olomouc.<\/p>\n<p>Foto: CHRISTIAN \u00d6RNBERG \/ BILDBYR\u00c5N<\/p>\n<p>\u00d6ppna bild i helsk\u00e4rm<img loading=\"lazy\"   alt=\"\"\/><\/p>\n<p>Erik Botheim under en match mot Sirius (det svenska laget)<\/p>\n<p>Foto: PETTER ARVIDSON \/ BILDBYR\u00c5N<\/p>\n<p>\u00d6ppna bild i helsk\u00e4rm<img loading=\"lazy\"   alt=\"\"\/><\/p>\n<p>Taha Ali under MFF:s match mot Sirius i v\u00e5ras.<\/p>\n<p>Foto: PETTER ARVIDSON \/ BILDBYR\u00c5N<\/p>\n<p>\u00d6ppna bild i helsk\u00e4rm<\/p>\n","protected":false},"excerpt":{"rendered":"Publicerad 21 aug 2025 kl 14.07Uppdaterad kl 14.33 PremiumPlayoff mot Tjeckiens&#8230; typ Sirius? Klart MFF \u201dska\u201d vinna. Ett&hellip;\n","protected":false},"author":2,"featured_media":10344,"comment_status":"","ping_status":"","sticky":false,"template":"","format":"standard","meta":{"footnotes":""},"categories":[68],"tags":[1443,358,103,34,130,129,111,110,31,33,32,30],"class_list":{"0":"post-10343","1":"post","2":"type-post","3":"status-publish","4":"format-standard","5":"has-post-thumbnail","7":"category-sport","8":"tag-organization-europa-league","9":"tag-organization-malmo-ff","10":"tag-premium","11":"tag-se","12":"tag-sections-allsvenskan","13":"tag-sections-fotboll","14":"tag-sport","15":"tag-sports","16":"tag-svenska","17":"tag-sverige","18":"tag-sweden","19":"tag-swedish"},"share_on_mastodon":{"url":"","error":""},"_links":{"self":[{"href":"https:\/\/www.europesays.com\/se\/wp-json\/wp\/v2\/posts\/10343","targetHints":{"allow":["GET"]}}],"collection":[{"href":"https:\/\/www.europesays.com\/se\/wp-json\/wp\/v2\/posts"}],"about":[{"href":"https:\/\/www.europesays.com\/se\/wp-json\/wp\/v2\/types\/post"}],"author":[{"embeddable":true,"href":"https:\/\/www.europesays.com\/se\/wp-json\/wp\/v2\/users\/2"}],"replies":[{"embeddable":true,"href":"https:\/\/www.europesays.com\/se\/wp-json\/wp\/v2\/comments?post=10343"}],"version-history":[{"count":0,"href":"https:\/\/www.europesays.com\/se\/wp-json\/wp\/v2\/posts\/10343\/revisions"}],"wp:featuredmedia":[{"embeddable":true,"href":"https:\/\/www.europesays.com\/se\/wp-json\/wp\/v2\/media\/10344"}],"wp:attachment":[{"href":"https:\/\/www.europesays.com\/se\/wp-json\/wp\/v2\/media?parent=10343"}],"wp:term":[{"taxonomy":"category","embeddable":true,"href":"https:\/\/www.europesays.com\/se\/wp-json\/wp\/v2\/categories?post=10343"},{"taxonomy":"post_tag","embeddable":true,"href":"https:\/\/www.europesays.com\/se\/wp-json\/wp\/v2\/tags?post=10343"}],"curies":[{"name":"wp","href":"https:\/\/api.w.org\/{rel}","templated":true}]}}