{"id":103431,"date":"2025-12-12T06:39:10","date_gmt":"2025-12-12T06:39:10","guid":{"rendered":"https:\/\/www.europesays.com\/se\/103431\/"},"modified":"2025-12-12T06:39:10","modified_gmt":"2025-12-12T06:39:10","slug":"30-000-djur-elfenben-och-bushmeat","status":"publish","type":"post","link":"https:\/\/www.europesays.com\/se\/103431\/","title":{"rendered":"30\u00a0000 djur, elfenben och &#8221;bushmeat&#8221;"},"content":{"rendered":"<p>share-arrowDela<\/p>\n<p>unsaveSpara<\/p>\n<p>expand-left<\/p>\n<p>helsk\u00e4rm<img decoding=\"async\" class=\"image-asset hyperion-css-u06ts1\" data-test-tag=\"image-asset\" src=\"https:\/\/www.europesays.com\/se\/wp-content\/uploads\/2025\/12\/e41942ca-0926-4b99-afe9-e9044e793559\"  alt=\"En vild apa av arten vanlig lejontamarin, \u00e4ven kallad lejonapa, i brasilianska Atlantskogen 2022. De utrotningshotade aporna \u00e4r popul\u00e4ra bland smugglare av vilda djur.\"  loading=\"eager\" fetchpriority=\"high\" style=\"aspect-ratio:1900 \/ 1202\"\/>En vild apa av arten vanlig lejontamarin, \u00e4ven kallad lejonapa, i brasilianska Atlantskogen 2022. De utrotningshotade aporna \u00e4r popul\u00e4ra bland smugglare av vilda djur. Foto: Bruna Prado\/AP\/TT<\/p>\n<p class=\"hyperion-css-1shl3oz\" data-test-tag=\"lead-text\">\u00d6ver 30\u00a0000 levande djur \u00e4mnade f\u00f6r svarta marknaden har hittats i en insats. Fler \u00e4n 1\u00a0000 misst\u00e4nkta i 134 olika l\u00e4nder identifierades.<\/p>\n<p class=\"hyperion-css-1v9qo5x\">Mellan 15 september och 15 oktober gjordes rekordbeslag av flora och fauna inom ramen f\u00f6r artskyddskonventionen Cites, meddelar Interpol.<\/p>\n<p class=\"hyperion-css-1v9qo5x\">Det handlar bland annat om 5,8 ton \u201dbushmeat\u201d, d\u00e4ribland 400 kilo giraffk\u00f6tt hittat i Kenya. I grannlandet Tanzania beslagtogs betar och annat elfenben v\u00e4rt motsvarande drygt 3,8 miljoner kronor \u2013 och flodh\u00e4stt\u00e4nder v\u00e4rda flera hundra tusen kronor.<\/p>\n<p class=\"hyperion-css-1v9qo5x\">I Brasilien r\u00e4ddades \u00f6ver 200 vilda djur och 145 misst\u00e4nkta identifierades. N\u00e4tverket bakom smugglingen uppges handla specifikt med vanliga lejontamariner, en utrotningshotad apa k\u00e4nd f\u00f6r sin gyllene, lejonlika man.<\/p>\n<p class=\"hyperion-css-1v9qo5x\">I Mexiko beslagtogs bland annat tv\u00e5 tigrar.<\/p>\n<p class=\"hyperion-css-1v9qo5x\">Insatsen, som genomf\u00f6rdes i samarbete med V\u00e4rldstullorganisationen (WCO), var den nionde i sitt slag. Smugglingen drivs enligt Interpol av h\u00f6g efterfr\u00e5gan p\u00e5 exotiska husdjur.<\/p>\n","protected":false},"excerpt":{"rendered":"share-arrowDela unsaveSpara expand-left helsk\u00e4rmEn vild apa av arten vanlig lejontamarin, \u00e4ven kallad lejonapa, i brasilianska Atlantskogen 2022. De&hellip;\n","protected":false},"author":2,"featured_media":103432,"comment_status":"","ping_status":"","sticky":false,"template":"","format":"standard","meta":{"footnotes":""},"categories":[14],"tags":[22,23,26,27,17,21,24,25,28,29,15,16,18,34,31,33,32,30,19,20,51,52,53,54],"class_list":{"0":"post-103431","1":"post","2":"type-post","3":"status-publish","4":"format-standard","5":"has-post-thumbnail","7":"category-varlden","8":"tag-breaking-news","9":"tag-breakingnews","10":"tag-featured-news","11":"tag-featurednews","12":"tag-headlines","13":"tag-huvudnyheter","14":"tag-latest-news","15":"tag-latestnews","16":"tag-main-news","17":"tag-mainnews","18":"tag-news","19":"tag-nyheter","20":"tag-rubriker","21":"tag-se","22":"tag-svenska","23":"tag-sverige","24":"tag-sweden","25":"tag-swedish","26":"tag-top-stories","27":"tag-topstories","28":"tag-varlden","29":"tag-world","30":"tag-world-news","31":"tag-worldnews"},"share_on_mastodon":{"url":"https:\/\/pubeurope.com\/@se\/115705227868802702","error":""},"_links":{"self":[{"href":"https:\/\/www.europesays.com\/se\/wp-json\/wp\/v2\/posts\/103431","targetHints":{"allow":["GET"]}}],"collection":[{"href":"https:\/\/www.europesays.com\/se\/wp-json\/wp\/v2\/posts"}],"about":[{"href":"https:\/\/www.europesays.com\/se\/wp-json\/wp\/v2\/types\/post"}],"author":[{"embeddable":true,"href":"https:\/\/www.europesays.com\/se\/wp-json\/wp\/v2\/users\/2"}],"replies":[{"embeddable":true,"href":"https:\/\/www.europesays.com\/se\/wp-json\/wp\/v2\/comments?post=103431"}],"version-history":[{"count":0,"href":"https:\/\/www.europesays.com\/se\/wp-json\/wp\/v2\/posts\/103431\/revisions"}],"wp:featuredmedia":[{"embeddable":true,"href":"https:\/\/www.europesays.com\/se\/wp-json\/wp\/v2\/media\/103432"}],"wp:attachment":[{"href":"https:\/\/www.europesays.com\/se\/wp-json\/wp\/v2\/media?parent=103431"}],"wp:term":[{"taxonomy":"category","embeddable":true,"href":"https:\/\/www.europesays.com\/se\/wp-json\/wp\/v2\/categories?post=103431"},{"taxonomy":"post_tag","embeddable":true,"href":"https:\/\/www.europesays.com\/se\/wp-json\/wp\/v2\/tags?post=103431"}],"curies":[{"name":"wp","href":"https:\/\/api.w.org\/{rel}","templated":true}]}}