{"id":103434,"date":"2025-12-12T06:47:08","date_gmt":"2025-12-12T06:47:08","guid":{"rendered":"https:\/\/www.europesays.com\/se\/103434\/"},"modified":"2025-12-12T06:47:08","modified_gmt":"2025-12-12T06:47:08","slug":"atalsjuryn-vagrar-atala-trumps-fiende-letitia-james","status":"publish","type":"post","link":"https:\/\/www.europesays.com\/se\/103434\/","title":{"rendered":"\u00c5talsjuryn v\u00e4grar \u00e5tala Trumps fiende Letitia James"},"content":{"rendered":"<p>Publicerad 12 dec 2025 kl 03.40<\/p>\n<p>En \u00e5talsjury skulle \u201d\u00e5tala en skinkmacka\u201d om \u00e5klagaren vill, lyder ett k\u00e4nt uttryck.<\/p>\n<p>Men de g\u00e5r inte med p\u00e5 att \u00e5tala Donald Trumps fiende Letitia James.<\/p>\n<p>F\u00f6r andra g\u00e5ngen p\u00e5 bara n\u00e5gra dagar v\u00e4grar en \u00e5talsjury i Virginia att \u00e5tala \u00e5klagaren som fick honom f\u00e4lld.<\/p>\n<p><img   alt=\"\"\/><\/p>\n<p>Letitia James duckar \u00e5terigen ett \u00e5talsf\u00f6rs\u00f6k.<\/p>\n<p>Foto: JOHN CLARK \/ AP TT NYHETSBYR\u00c5N<\/p>\n<p>\u00d6ppna bild i helsk\u00e4rm<img loading=\"lazy\"   alt=\"\"\/><\/p>\n<p>Donald Trumps juridiska jakt p\u00e5 politiska fiender \u00e5ker p\u00e5 \u00e4nnu ett bakslag.<\/p>\n<p>Foto: ALEX BRANDON \/ AP\/ TT<\/p>\n<p>\u00d6ppna bild i helsk\u00e4rm<\/p>\n<p>Donald Trumps jakt efter h\u00e4mnd p\u00e5 politiska fiender forts\u00e4tter. Det g\u00f6r \u00e4ven de pinsamma bakslagen. Utn\u00e4mningen av den <a href=\"https:\/\/www.expressen.se\/nyheter\/varlden\/lindsey-halligans-blunder-kan-stoppa-atalet-mot-james-comey\/\" rel=\"nofollow noopener\" target=\"_blank\">oerfarna Lindsey Halligan<\/a> till federal \u00e5klagare var olaglig, slog domare fast.\u00a0<\/p>\n<p>D\u00e4rmed f\u00f6ll de p\u00e5tagligt svaga \u00e5talen hon faktiskt hade f\u00e5tt igenom mot b\u00e5de den tidigare FBI-chefen James Comey och New Yorks h\u00f6gsta juridiska f\u00f6retr\u00e4dare Letitia James. De p\u00e5st\u00e5dda brott som Comey ska ha beg\u00e5tt \u00e4r preskriberade, s\u00e5 n\u00e4r det g\u00e4ller honom har inga nya \u00e5talsf\u00f6rs\u00f6k lagts fram. \u00c4n s\u00e5 l\u00e4nge.\u00a0<\/p>\n<p>Letitia James d\u00e4remot jagas fortfarande av Trumps uts\u00e4nda. Hon anklagas f\u00f6r bedr\u00e4geri genom att ha l\u00e4mnat felaktiga uppgifter i samband med ett bol\u00e5n.\u00a0<\/p>\n<p>Ogrundat<\/p>\n<p>F\u00f6rra veckan lades \u00e5talet fram p\u00e5 nytt inf\u00f6r en \u00e5talsjury, som v\u00e4grade g\u00e5 vidare till \u00e5tal. P\u00e5 torsdagen gjordes ett nytt f\u00f6rs\u00f6k \u2013 med samma resultat. Det blir inget \u00e5tal nu heller.<\/p>\n<p>\u2013 Detta avslag g\u00f6r det \u00e4nnu tydligare att det h\u00e4r fallet aldrig borde ha tagits upp, s\u00e4ger Letita James advokat Abbe Lowell.\u00a0<\/p>\n<p>\u2013 Erfarna \u00e5klagare v\u00e4grade v\u00e4cka \u00e5tal. Nu har tv\u00e5 olika \u00e5talsjuryer v\u00e4grat l\u00e5ta dessa ogrundade anklagelser g\u00e5 vidare. Alla ytterligare f\u00f6rs\u00f6k att \u00e5teruppliva dessa avf\u00e4rdade anklagelser skulle vara ett h\u00e5n mot v\u00e5rt r\u00e4ttssystem.\u00a0<\/p>\n<p>Det \u00e4r mycket ovanligt att en \u00e5talsjury stoppar \u00e5tal fr\u00e5n federala \u00e5klagare, som arbetar p\u00e5 uppdrag av justitiedepartementet \u2013 n\u00e5got som fick den tidigare domaren Sol Wachtler att mynta uttrycket \u201den \u00e5talsjury skulle \u00e5tala en skinkmacka\u201d. \u00a0<\/p>\n<p>Letitia James \u00e4r \u00e5klagaren som fick <a href=\"https:\/\/www.expressen.se\/tagg\/person\/donald-trump\/\" class=\"\" rel=\"nofollow noopener\" target=\"_blank\">Donald Trump<\/a> f\u00e4lld f\u00f6r bedr\u00e4geri i en civilr\u00e4ttslig domstol i New York.\u00a0<\/p>\n<p><strong>L\u00c4S MER: <\/strong><a href=\"https:\/\/www.expressen.se\/nyheter\/varlden\/trumps-forra-advokat-comey-atalas-for-att-dolja-att-trump-ar-kriminell\/\" class=\"\" rel=\"nofollow noopener\" target=\"_blank\">Trumps f\u00f6rra advokat: Comey \u00e5talas f\u00f6r att d\u00f6lja att Trump \u00e4r kriminell<\/a><\/p>\n","protected":false},"excerpt":{"rendered":"Publicerad 12 dec 2025 kl 03.40 En \u00e5talsjury skulle \u201d\u00e5tala en skinkmacka\u201d om \u00e5klagaren vill, lyder ett k\u00e4nt&hellip;\n","protected":false},"author":2,"featured_media":103435,"comment_status":"","ping_status":"","sticky":false,"template":"","format":"standard","meta":{"footnotes":""},"categories":[14],"tags":[22,23,26,27,17,21,24,25,28,29,15,16,198,18,34,55,31,33,32,30,19,204,136,20,51,52,53,54],"class_list":{"0":"post-103434","1":"post","2":"type-post","3":"status-publish","4":"format-standard","5":"has-post-thumbnail","7":"category-varlden","8":"tag-breaking-news","9":"tag-breakingnews","10":"tag-featured-news","11":"tag-featurednews","12":"tag-headlines","13":"tag-huvudnyheter","14":"tag-latest-news","15":"tag-latestnews","16":"tag-main-news","17":"tag-mainnews","18":"tag-news","19":"tag-nyheter","20":"tag-person-donald-trump","21":"tag-rubriker","22":"tag-se","23":"tag-sections-varlden","24":"tag-svenska","25":"tag-sverige","26":"tag-sweden","27":"tag-swedish","28":"tag-top-stories","29":"tag-topic-amerikansk-politik","30":"tag-topic-rattegangar-domar","31":"tag-topstories","32":"tag-varlden","33":"tag-world","34":"tag-world-news","35":"tag-worldnews"},"share_on_mastodon":{"url":"https:\/\/pubeurope.com\/@se\/115705259224046197","error":""},"_links":{"self":[{"href":"https:\/\/www.europesays.com\/se\/wp-json\/wp\/v2\/posts\/103434","targetHints":{"allow":["GET"]}}],"collection":[{"href":"https:\/\/www.europesays.com\/se\/wp-json\/wp\/v2\/posts"}],"about":[{"href":"https:\/\/www.europesays.com\/se\/wp-json\/wp\/v2\/types\/post"}],"author":[{"embeddable":true,"href":"https:\/\/www.europesays.com\/se\/wp-json\/wp\/v2\/users\/2"}],"replies":[{"embeddable":true,"href":"https:\/\/www.europesays.com\/se\/wp-json\/wp\/v2\/comments?post=103434"}],"version-history":[{"count":0,"href":"https:\/\/www.europesays.com\/se\/wp-json\/wp\/v2\/posts\/103434\/revisions"}],"wp:featuredmedia":[{"embeddable":true,"href":"https:\/\/www.europesays.com\/se\/wp-json\/wp\/v2\/media\/103435"}],"wp:attachment":[{"href":"https:\/\/www.europesays.com\/se\/wp-json\/wp\/v2\/media?parent=103434"}],"wp:term":[{"taxonomy":"category","embeddable":true,"href":"https:\/\/www.europesays.com\/se\/wp-json\/wp\/v2\/categories?post=103434"},{"taxonomy":"post_tag","embeddable":true,"href":"https:\/\/www.europesays.com\/se\/wp-json\/wp\/v2\/tags?post=103434"}],"curies":[{"name":"wp","href":"https:\/\/api.w.org\/{rel}","templated":true}]}}