{"id":103460,"date":"2025-12-12T07:37:09","date_gmt":"2025-12-12T07:37:09","guid":{"rendered":"https:\/\/www.europesays.com\/se\/103460\/"},"modified":"2025-12-12T07:37:09","modified_gmt":"2025-12-12T07:37:09","slug":"nya-tider-for-bussar-och-tag-fran-den-14-december","status":"publish","type":"post","link":"https:\/\/www.europesays.com\/se\/103460\/","title":{"rendered":"Nya tider f\u00f6r bussar och t\u00e5g fr\u00e5n den 14 december"},"content":{"rendered":"<p>\t\t\t\t\t\t<strong>Den 14 december genomf\u00f6r Sk\u00e5netrafiken \u00e5rets st\u00f6rsta tidtabellsjustering. &#13;<br \/>\nF\u00f6r\u00e4ndringarna inneb\u00e4r nya avg\u00e5ngstider f\u00f6r b\u00e5de bussar och t\u00e5g runtom i Sk\u00e5ne. &#13;<br \/>\nJusteringarna g\u00f6rs f\u00f6r att f\u00f6rb\u00e4ttra punktligheten och f\u00f6r att b\u00e4ttre anpassa trafiken efter &#13;<br \/>\nfaktiska resm\u00f6nster, exempelvis i samband med skolornas sluttider. M\u00e5let \u00e4r att &#13;<br \/>\nkollektivtrafiken ska bli s\u00e5 attraktiv som m\u00f6jligt f\u00f6r s\u00e5 m\u00e5nga sk\u00e5ningar som m\u00f6jligt<\/strong><\/p>\n<p>\t\t\t\t\t\t\t\t\t<img decoding=\"async\" class=\"figure-img img-fluid\" src=\"https:\/\/www.europesays.com\/se\/wp-content\/uploads\/2025\/12\/1765525029_30_obj\"\/><br \/>\n\t\t\t\t\t\t\t\t\tNy tidtabell s\u00f6ndagen den 14 december<\/p>\n<p><strong>Exempel p\u00e5 f\u00f6r\u00e4ndringar i trafiken:<\/strong><\/p>\n<ul>&#13;<\/p>\n<li><strong>Fler avg\u00e5ngar mellan K\u00e4vlinge och Helsingborg<\/strong><br \/>&#13;<br \/>\n\tP\u00e5gat\u00e5gen f\u00e5r ut\u00f6kad trafik p\u00e5 vardagar, vilket betyder halvtimmestrafik mellan Helsingborg och K\u00e4vlinge alla vardagar.<\/li>\n<p>&#13;<\/p>\n<li><strong>Flyttade tidiga och sena t\u00e5gturer<\/strong><br \/>&#13;<br \/>\n\tVissa P\u00e5gat\u00e5gsavg\u00e5ngar tidigt p\u00e5 morgonen och sent p\u00e5 kv\u00e4llen f\u00e5r nya tider, anpassade till perioder med fler resande.<\/li>\n<p>&#13;<\/p>\n<li><strong>F\u00f6r\u00e4ndringar vid Malm\u00f6 Hyllie<\/strong><br \/>&#13;<br \/>\n\tEtt omfattande v\u00e4garbete startar och p\u00e5verkar b\u00e5de stads- och regionbusstrafikens k\u00f6rv\u00e4gar och restider.<\/li>\n<p>&#13;<\/p>\n<li><strong>Ny k\u00f6rv\u00e4g f\u00f6r linje 6 i Landskrona<\/strong><br \/>&#13;<br \/>\n\tLinje 6 b\u00f6rjar trafikera str\u00e4ckan Skeppsbron\u2013Handelsomr\u00e5det och Landskrona station.<\/li>\n<p>&#13;<\/p>\n<li><strong>Linje 4 blir Malm\u00f6Expressen 4<\/strong><br \/>&#13;<br \/>\n\tLinjen f\u00e5r p\u00e5stigning i samtliga d\u00f6rrar och justerade k\u00f6rv\u00e4gar som en del av utvecklingen av Malm\u00f6Expressen-konceptet.<\/li>\n<p>&#13;\n<\/ul>\n<p>Tidtabellsf\u00f6r\u00e4ndringarna b\u00f6rjar g\u00e4lla fr\u00e5n och med nu p\u00e5 s\u00f6ndag den 14 december. Sk\u00e5netrafiken uppmanar sina resen\u00e4rer att s\u00f6ka sina resor i Sk\u00e5netrafikens app f\u00f6r att s\u00e4kerst\u00e4lla att man blir uppdaterad g\u00e4llande eventuella f\u00f6r\u00e4ndringar.<\/p>\n<p>&#8211; Vi justerar busstiderna p\u00e5 m\u00e5nga av v\u00e5ra linjer i hela Sk\u00e5ne. Det ska leda till b\u00e4ttre punktlighet och kapacitet som g\u00f6r att fler vill och kan resa med oss till arbetet, skolan och fritidsaktiviteter. D\u00e4rf\u00f6r \u00e4r det viktigt att v\u00e5ra kunder h\u00e5ller sig uppdaterade i v\u00e5r app eller via v\u00e5r hemsida, s\u00e4ger Fredrik Schell, enhetschef planering p\u00e5 aff\u00e4rsomr\u00e5de buss p\u00e5 Sk\u00e5netrafiken.<\/p>\n<p><strong>Mer information om f\u00f6r\u00e4ndringarna<\/strong><\/p>\n<p>\u00d6versikter \u00f6ver hur trafiken p\u00e5verkas i olika delar av Sk\u00e5ne finns p\u00e5 Sk\u00e5netrafiken.se:<\/p>\n<p>Aktuella tider och resv\u00e4gar finns i Sk\u00e5netrafikens app och p\u00e5 Sk\u00e5netrafikens webbplats.<\/p>\n<p>\u00a0<\/p>\n<p>\u00a0<\/p>\n<p>Sk\u00e5netrafiken finns till f\u00f6r alla som bor, verkar och reser i Sk\u00e5ne. Vi g\u00f6r det enkelt att resa h\u00e5llbart. Varje dag g\u00f6r m\u00e4nniskor cirka 470 000 resor med n\u00e5gon av v\u00e5ra 14 000 dagliga turer med buss, t\u00e5g och sp\u00e5rvagn samt 6 500 serviceresor \u2013 till jobbet, skolan, sjukv\u00e5rden, familjen och v\u00e4nnerna. V\u00e5ra resor med bussar och t\u00e5g \u00e4r m\u00e4rkta med Bra Milj\u00f6val och genom att resa kollektivt bidrar vi tillsammans till ett h\u00e5llbart samh\u00e4lle, en b\u00e4ttre milj\u00f6 och ett levande landskap.<\/p>\n<p>Sk\u00e5netrafiken \u00e4r en f\u00f6rvaltning inom Region Sk\u00e5ne med uppdrag att erbjuda h\u00e5llbara kollektiva resor i Sk\u00e5ne. Vi oms\u00e4tter cirka 6,2 miljarder kronor och varje \u00e5r g\u00f6rs fler \u00e4n 170 miljoner resor med stadsbussar, regionbussar, P\u00e5gat\u00e5gen, \u00d6resundst\u00e5g, Kr\u00f6sat\u00e5gen och serviceresefordon. All trafik k\u00f6rs av olika trafikf\u00f6retag p\u00e5 entreprenad.<\/p>\n<p><a href=\"http:\/\/www.skanetrafiken.se\/\" rel=\"nofollow noopener\" target=\"_blank\">www.skanetrafiken.se<\/a><\/p>\n","protected":false},"excerpt":{"rendered":"Den 14 december genomf\u00f6r Sk\u00e5netrafiken \u00e5rets st\u00f6rsta tidtabellsjustering. &#13; F\u00f6r\u00e4ndringarna inneb\u00e4r nya avg\u00e5ngstider f\u00f6r b\u00e5de bussar och t\u00e5g&hellip;\n","protected":false},"author":2,"featured_media":103461,"comment_status":"","ping_status":"","sticky":false,"template":"","format":"standard","meta":{"footnotes":""},"categories":[65],"tags":[72,70,71,34,31,33,32,30],"class_list":{"0":"post-103460","1":"post","2":"type-post","3":"status-publish","4":"format-standard","5":"has-post-thumbnail","7":"category-ekonomi","8":"tag-business","9":"tag-economy","10":"tag-ekonomi","11":"tag-se","12":"tag-svenska","13":"tag-sverige","14":"tag-sweden","15":"tag-swedish"},"share_on_mastodon":{"url":"https:\/\/pubeurope.com\/@se\/115705455938424204","error":""},"_links":{"self":[{"href":"https:\/\/www.europesays.com\/se\/wp-json\/wp\/v2\/posts\/103460","targetHints":{"allow":["GET"]}}],"collection":[{"href":"https:\/\/www.europesays.com\/se\/wp-json\/wp\/v2\/posts"}],"about":[{"href":"https:\/\/www.europesays.com\/se\/wp-json\/wp\/v2\/types\/post"}],"author":[{"embeddable":true,"href":"https:\/\/www.europesays.com\/se\/wp-json\/wp\/v2\/users\/2"}],"replies":[{"embeddable":true,"href":"https:\/\/www.europesays.com\/se\/wp-json\/wp\/v2\/comments?post=103460"}],"version-history":[{"count":0,"href":"https:\/\/www.europesays.com\/se\/wp-json\/wp\/v2\/posts\/103460\/revisions"}],"wp:featuredmedia":[{"embeddable":true,"href":"https:\/\/www.europesays.com\/se\/wp-json\/wp\/v2\/media\/103461"}],"wp:attachment":[{"href":"https:\/\/www.europesays.com\/se\/wp-json\/wp\/v2\/media?parent=103460"}],"wp:term":[{"taxonomy":"category","embeddable":true,"href":"https:\/\/www.europesays.com\/se\/wp-json\/wp\/v2\/categories?post=103460"},{"taxonomy":"post_tag","embeddable":true,"href":"https:\/\/www.europesays.com\/se\/wp-json\/wp\/v2\/tags?post=103460"}],"curies":[{"name":"wp","href":"https:\/\/api.w.org\/{rel}","templated":true}]}}