{"id":103481,"date":"2025-12-12T08:05:09","date_gmt":"2025-12-12T08:05:09","guid":{"rendered":"https:\/\/www.europesays.com\/se\/103481\/"},"modified":"2025-12-12T08:05:09","modified_gmt":"2025-12-12T08:05:09","slug":"ny-algoritm-kartlagger-hur-celler-utvecklas","status":"publish","type":"post","link":"https:\/\/www.europesays.com\/se\/103481\/","title":{"rendered":"Ny algoritm kartl\u00e4gger hur celler utvecklas"},"content":{"rendered":"<p>Bild:<\/p>\n<p> <img decoding=\"async\" src=\"https:\/\/www.europesays.com\/se\/wp-content\/uploads\/2025\/12\/JoakimDahlin_custom20251208092136.webp.webp\" alt=\"portr\u00e4ttfoto p\u00e5 forskare Joakim Dahlin.\"\/><\/p>\n<p>Rubrik:<\/p>\n<p> Joakim Dahlin, Foto: Karoline Kristo.<\/p>\n<p>\u2013 Det h\u00e4r ger oss ett kraftfullt verktyg f\u00f6r att f\u00f6rst\u00e5 hur celler fattar \u201dbeslut\u201d om sin framtid, vilket \u00e4r centralt f\u00f6r att f\u00f6rst\u00e5 sjukdomar som uppst\u00e5r n\u00e4r differentieringen g\u00e5r snett, s\u00e4ger <a href=\"https:\/\/ki.se\/personer\/joakim-dahlin\" data-entity-type=\"external\" rel=\"nofollow noopener\" target=\"_blank\">Joakim Dahlin<\/a>, docent vid samma institution vid Karolinska Institutet.<\/p>\n<p>Forskarna betonar att metoden \u00e4r generell och kan anv\u00e4ndas p\u00e5 olika biologiska system, \u00e4ven utanf\u00f6r djurriket.<\/p>\n<p>Studien \u00e4r ett samarbete mellan forskarna vid Karolinska Institutet och professor Johan Karlsson vid KTH.\u00a0 Studien har finansierats av Vetenskapsr\u00e5det, Cancerfonden och Karolinska Institutet. Forskarna rapporterar inga intressekonflikter.<\/p>\n<p>Publikation<\/p>\n<p><a href=\"http:\/\/www.pnas.org\/doi\/10.1073\/pnas.2516046122\" rel=\"nofollow noopener\" target=\"_blank\">\u201cMultistage optimal transport infers trajectories from a snapshot of single-cell data\u201d\u00a0<\/a>M. Tronstad, J. Karlsson, &amp; J.S. Dahlin, MultistageOT, Proc. Natl. Acad. Sci. U.S.A. 122 (50) e2516046122, online \u00a011 December 2025, doi: 10.1073\/pnas.2516046122<\/p>\n","protected":false},"excerpt":{"rendered":"Bild: Rubrik: Joakim Dahlin, Foto: Karoline Kristo. \u2013 Det h\u00e4r ger oss ett kraftfullt verktyg f\u00f6r att f\u00f6rst\u00e5&hellip;\n","protected":false},"author":2,"featured_media":103482,"comment_status":"","ping_status":"","sticky":false,"template":"","format":"standard","meta":{"footnotes":""},"categories":[69],"tags":[113,112,34,31,33,32,30],"class_list":{"0":"post-103481","1":"post","2":"type-post","3":"status-publish","4":"format-standard","5":"has-post-thumbnail","7":"category-halsa","8":"tag-halsa","9":"tag-health","10":"tag-se","11":"tag-svenska","12":"tag-sverige","13":"tag-sweden","14":"tag-swedish"},"share_on_mastodon":{"url":"https:\/\/pubeurope.com\/@se\/115705566061175089","error":""},"_links":{"self":[{"href":"https:\/\/www.europesays.com\/se\/wp-json\/wp\/v2\/posts\/103481","targetHints":{"allow":["GET"]}}],"collection":[{"href":"https:\/\/www.europesays.com\/se\/wp-json\/wp\/v2\/posts"}],"about":[{"href":"https:\/\/www.europesays.com\/se\/wp-json\/wp\/v2\/types\/post"}],"author":[{"embeddable":true,"href":"https:\/\/www.europesays.com\/se\/wp-json\/wp\/v2\/users\/2"}],"replies":[{"embeddable":true,"href":"https:\/\/www.europesays.com\/se\/wp-json\/wp\/v2\/comments?post=103481"}],"version-history":[{"count":0,"href":"https:\/\/www.europesays.com\/se\/wp-json\/wp\/v2\/posts\/103481\/revisions"}],"wp:featuredmedia":[{"embeddable":true,"href":"https:\/\/www.europesays.com\/se\/wp-json\/wp\/v2\/media\/103482"}],"wp:attachment":[{"href":"https:\/\/www.europesays.com\/se\/wp-json\/wp\/v2\/media?parent=103481"}],"wp:term":[{"taxonomy":"category","embeddable":true,"href":"https:\/\/www.europesays.com\/se\/wp-json\/wp\/v2\/categories?post=103481"},{"taxonomy":"post_tag","embeddable":true,"href":"https:\/\/www.europesays.com\/se\/wp-json\/wp\/v2\/tags?post=103481"}],"curies":[{"name":"wp","href":"https:\/\/api.w.org\/{rel}","templated":true}]}}