{"id":103488,"date":"2025-12-12T08:18:08","date_gmt":"2025-12-12T08:18:08","guid":{"rendered":"https:\/\/www.europesays.com\/se\/103488\/"},"modified":"2025-12-12T08:18:08","modified_gmt":"2025-12-12T08:18:08","slug":"putin-rundar-trump-har-ringt-venezuelas-president-maduro","status":"publish","type":"post","link":"https:\/\/www.europesays.com\/se\/103488\/","title":{"rendered":"Putin rundar Trump \u2013 har ringt Venezuelas president Maduro"},"content":{"rendered":"<p>Publicerad 12 dec 2025 kl 08.29Uppdaterad kl 08.59<\/p>\n<p>L\u00e4get mellan USA och Venezuela blir allt mer sp\u00e4nt.\u00a0<\/p>\n<p>Men n\u00e4r Putin ringde Maduro p\u00e5 torsdagen uttryckte han sitt st\u00f6d.<\/p>\n<p>I samtalet ska han ha uttryckt \u201dsin solidaritet med det venezuelanska folket\u201d, enligt Kreml.<\/p>\n<p>Soldater firas ner fr\u00e5n helikopter<img loading=\"lazy\"   alt=\"\"\/><\/p>\n<p>Rysslands president Vladimir Putin och Venezuelas president Nicolas Maduro under ett m\u00f6te i Kreml i maj 2025.<\/p>\n<p>Foto: ALEXANDER ZEMLIANICHENKO \/ AP TT NYHETSBYR\u00c5N<\/p>\n<p>\u00d6ppna bild i helsk\u00e4rm<img loading=\"lazy\"   alt=\"\"\/><\/p>\n<p>Trump tillk\u00e4nnagav p\u00e5 onsdagen att man tagit en oljetanker i beslag n\u00e4ra Venezuelas kust.<\/p>\n<p>Foto: INSTAR \/ STELLA PICTURES \/ STELLA PICTURES<\/p>\n<p>\u00d6ppna bild i helsk\u00e4rm<img loading=\"lazy\"   alt=\"\"\/><\/p>\n<p>USA:s justitieminister Pam Bondi delade ett klipp p\u00e5 bordningen d\u00e4r soldater firades ner fr\u00e5n helikopter och tog sig ombord p\u00e5 fartyget.<\/p>\n<p>Foto: AP \/ AP TT NYHETSBYR\u00c5N<\/p>\n<p>\u00d6ppna bild i helsk\u00e4rm<\/p>\n<p>Det var under torsdagen som <a href=\"https:\/\/www.expressen.se\/tagg\/location\/ryssland\/\" class=\"\" rel=\"nofollow noopener\" target=\"_blank\">Rysslands<\/a> president Vladimir Putin ringde Venezuelas auktorit\u00e4ra dito, Nicolas Maduro.<\/p>\n<p>Putin ska under samtalet ha \u201duttryckt solidaritet med det venezuelanska folket\u201d och st\u00f6d f\u00f6r den politik som ska \u201dskydda nationella intressen och suver\u00e4nitet i en situation pr\u00e4glad av v\u00e4xande externt tryck\u201d, enligt Kreml.\u00a0<\/p>\n<p>\u2013 Vi hoppas att Vita huset kommer att kunna stoppa en ytterligare glidning in i en fullskalig konflikt som riskerar att f\u00e5 of\u00f6ruts\u00e4gbara konsekvenser f\u00f6r hela v\u00e4stra halvklotet, sa ryska utrikesdepartementets talesperson Maria Zakharova i samband med samtalet.<\/p>\n<p>Artikeln i korthet<\/p>\n<p> Rysslands president Vladimir Putin har i ett telefonsamtal med Venezuelas president Nicolas Maduro och uttryckt sitt st\u00f6d f\u00f6r landet.<\/p>\n<p> Samtidigt \u00f6kar sp\u00e4nningarna mellan Washington och Caracas.\u00a0<\/p>\n<p> USA meddelade i veckan att man beslagtagit en oljetanker n\u00e4ra Venezuelas kust och \u00f6ver 80 personer har d\u00f6dats i attacker mot s\u00e5 kallade \u201dknarkb\u00e5tar\u201d.\u00a0<\/p>\n<p>Visa merBeslagtog oljetanker<\/p>\n<p>Putin och Maduro tycks ha utvecklat ett allt n\u00e4rmare band under det senaste \u00e5ret. Den senare h\u00f6r bland annat till de ledare som bj\u00f6ds in till Moskva i maj i samband med firandet av segerdagen.\u00a0<\/p>\n<p>Den ryske presidenten ska ocks\u00e5 ha skickat <a href=\"https:\/\/www.expressen.se\/nyheter\/varlden\/putins-hjalp-till-maduro-vapen-och-insatsstyrka\/\" rel=\"nofollow noopener\" target=\"_blank\">vapensystem och en toppgeneral som leder en insatsstyrka<\/a> p\u00e5 120 man till landet.\u00a0<\/p>\n<p>Samtidigt blir relationen mellan USA och Venezuela allt mer inflammerad.\u00a0<\/p>\n<p>Trump har under h\u00f6sten kraftsamlat mot Venezuela och president Nicol\u00e1s Maduros regim, som man anklagar f\u00f6r att ligga bakom narkotikasmuggling till USA.<\/p>\n<p>Telefonsamtalet h\u00f6lls dagen efter att president Donald Trump meddelat att USA <a href=\"https:\/\/www.expressen.se\/nyheter\/varlden\/usa-beslagtar-fartyg-utanfor-venezuela\" rel=\"nofollow noopener\" target=\"_blank\">beslagtagit en oljetanker<\/a> lastad med olja fr\u00e5n Venezuela och Iran. Enligt Washington var fartyget, som i amerikanska medier beskrivits som \u201dstatsl\u00f6st\u201d, belagt med sanktioner. \u00a0<\/p>\n<p>Men Caracas har kallat det f\u00f6r st\u00f6ld.<\/p>\n<p>80 d\u00f6dade i knarkb\u00e5tar \u00a0<\/p>\n<p>USA har sedan i september bombat vad som p\u00e5st\u00e5s vara \u201dknarkb\u00e5tar\u201d utanf\u00f6r Venezuelas kust. Drygt 80 m\u00e4nniskor har d\u00f6dats i attackerna. I synnerhet har kritik riktats mot en s\u00e5 kallad dubbelattack d\u00e4r b\u00e5ten besk\u00f6ts en andra g\u00e5ng efter att det konstaterats att tv\u00e5 personer \u00f6verlevt den f\u00f6rsta attacken.<\/p>\n<p>Den amerikanska flottans mest avancerade hangarfartyg placerades i november i Karibien tillsammans med jagare och stridsflyg som ett led i kriget mot knarkkartellerna i Latinamerika, kallat: \u201dOperation Southern Spear\u201d.<\/p>\n<p><strong>L\u00c4S MER: <\/strong><a href=\"https:\/\/www.expressen.se\/nyheter\/varlden\/trump-kallar-till-stabsmote-om-venezuela\/\" class=\"\" rel=\"nofollow noopener\" target=\"_blank\">Trump kallar till stabsm\u00f6teom Venezuela<\/a><strong>L\u00c4S MER: <\/strong><a href=\"https:\/\/www.expressen.se\/nyheter\/varlden\/putins-hjalp-till-maduro-vapen-och-insatsstyrka\/\" class=\"\" rel=\"nofollow noopener\" target=\"_blank\">Putins hj\u00e4lp till Maduro: Vapen och insatsstyrka<\/a><\/p>\n","protected":false},"excerpt":{"rendered":"Publicerad 12 dec 2025 kl 08.29Uppdaterad kl 08.59 L\u00e4get mellan USA och Venezuela blir allt mer sp\u00e4nt.\u00a0 Men&hellip;\n","protected":false},"author":2,"featured_media":103489,"comment_status":"","ping_status":"","sticky":false,"template":"","format":"standard","meta":{"footnotes":""},"categories":[14],"tags":[22,23,26,27,17,21,24,25,274,45,3819,28,29,15,16,4238,18,34,55,31,33,32,30,19,20,51,52,53,54],"class_list":{"0":"post-103488","1":"post","2":"type-post","3":"status-publish","4":"format-standard","5":"has-post-thumbnail","7":"category-varlden","8":"tag-breaking-news","9":"tag-breakingnews","10":"tag-featured-news","11":"tag-featurednews","12":"tag-headlines","13":"tag-huvudnyheter","14":"tag-latest-news","15":"tag-latestnews","16":"tag-location-ryssland","17":"tag-location-usa","18":"tag-location-venezuela","19":"tag-main-news","20":"tag-mainnews","21":"tag-news","22":"tag-nyheter","23":"tag-person-nicolas-maduro","24":"tag-rubriker","25":"tag-se","26":"tag-sections-varlden","27":"tag-svenska","28":"tag-sverige","29":"tag-sweden","30":"tag-swedish","31":"tag-top-stories","32":"tag-topstories","33":"tag-varlden","34":"tag-world","35":"tag-world-news","36":"tag-worldnews"},"share_on_mastodon":{"url":"https:\/\/pubeurope.com\/@se\/115705617039951837","error":""},"_links":{"self":[{"href":"https:\/\/www.europesays.com\/se\/wp-json\/wp\/v2\/posts\/103488","targetHints":{"allow":["GET"]}}],"collection":[{"href":"https:\/\/www.europesays.com\/se\/wp-json\/wp\/v2\/posts"}],"about":[{"href":"https:\/\/www.europesays.com\/se\/wp-json\/wp\/v2\/types\/post"}],"author":[{"embeddable":true,"href":"https:\/\/www.europesays.com\/se\/wp-json\/wp\/v2\/users\/2"}],"replies":[{"embeddable":true,"href":"https:\/\/www.europesays.com\/se\/wp-json\/wp\/v2\/comments?post=103488"}],"version-history":[{"count":0,"href":"https:\/\/www.europesays.com\/se\/wp-json\/wp\/v2\/posts\/103488\/revisions"}],"wp:featuredmedia":[{"embeddable":true,"href":"https:\/\/www.europesays.com\/se\/wp-json\/wp\/v2\/media\/103489"}],"wp:attachment":[{"href":"https:\/\/www.europesays.com\/se\/wp-json\/wp\/v2\/media?parent=103488"}],"wp:term":[{"taxonomy":"category","embeddable":true,"href":"https:\/\/www.europesays.com\/se\/wp-json\/wp\/v2\/categories?post=103488"},{"taxonomy":"post_tag","embeddable":true,"href":"https:\/\/www.europesays.com\/se\/wp-json\/wp\/v2\/tags?post=103488"}],"curies":[{"name":"wp","href":"https:\/\/api.w.org\/{rel}","templated":true}]}}