{"id":103503,"date":"2025-12-12T08:35:14","date_gmt":"2025-12-12T08:35:14","guid":{"rendered":"https:\/\/www.europesays.com\/se\/103503\/"},"modified":"2025-12-12T08:35:14","modified_gmt":"2025-12-12T08:35:14","slug":"barn-dog-i-samband-med-sovning-pa-norrlands-universitetssjukhus","status":"publish","type":"post","link":"https:\/\/www.europesays.com\/se\/103503\/","title":{"rendered":"Barn dog i samband med s\u00f6vning p\u00e5 Norrlands universitetssjukhus"},"content":{"rendered":"<p>Enligt Region V\u00e4sterbotten uppstod ett behov av att g\u00f6ra en centralven\u00f6s infart och man beslutade att barnet skulle s\u00f6vas i samband med det. <\/p>\n<p>Vid s\u00f6vningen uppstod ett problem med luftv\u00e4gshanteringen och patienten drabbades av hj\u00e4rtstopp. Barnet avled i sviterna av hj\u00e4rtstoppet.<\/p>\n<p>\u2013 Det \u00e4r oerh\u00f6rt ledsamt, vi lider med f\u00f6r\u00e4ldrarna, s\u00e4ger, Niklas Larsson verksamhetschef. <\/p>\n<p>Brister i kommunikation<\/p>\n<p>Enligt Larsson handlar det om ett barn under tio \u00e5r, men inget sp\u00e4dbarn. <\/p>\n<p>Region V\u00e4sterbotten har utrett h\u00e4ndelsen och anm\u00e4lt enligt lex Maria. <\/p>\n<p>Utredning av h\u00e4ndelsen visade bland annat brister i kommunikation och planering. Det g\u00e5r inte att utesluta att hj\u00e4rtstoppet hade kunnat undvikas men de \u00e5tg\u00e4rder som tagits fram kommer minska risken att det h\u00e4nder igen. <\/p>\n<p>SVT Nyheter V\u00e4sterbotten har s\u00f6kt chefl\u00e4kare hos Region V\u00e4sterbotten f\u00f6r en kommentar. <\/p>\n","protected":false},"excerpt":{"rendered":"Enligt Region V\u00e4sterbotten uppstod ett behov av att g\u00f6ra en centralven\u00f6s infart och man beslutade att barnet skulle&hellip;\n","protected":false},"author":2,"featured_media":103504,"comment_status":"","ping_status":"","sticky":false,"template":"","format":"standard","meta":{"footnotes":""},"categories":[14],"tags":[22,23,26,27,17,21,24,25,28,29,15,16,18,34,31,33,32,30,19,20,51,52,53,54],"class_list":{"0":"post-103503","1":"post","2":"type-post","3":"status-publish","4":"format-standard","5":"has-post-thumbnail","7":"category-varlden","8":"tag-breaking-news","9":"tag-breakingnews","10":"tag-featured-news","11":"tag-featurednews","12":"tag-headlines","13":"tag-huvudnyheter","14":"tag-latest-news","15":"tag-latestnews","16":"tag-main-news","17":"tag-mainnews","18":"tag-news","19":"tag-nyheter","20":"tag-rubriker","21":"tag-se","22":"tag-svenska","23":"tag-sverige","24":"tag-sweden","25":"tag-swedish","26":"tag-top-stories","27":"tag-topstories","28":"tag-varlden","29":"tag-world","30":"tag-world-news","31":"tag-worldnews"},"share_on_mastodon":{"url":"https:\/\/pubeurope.com\/@se\/115705683861778193","error":""},"_links":{"self":[{"href":"https:\/\/www.europesays.com\/se\/wp-json\/wp\/v2\/posts\/103503","targetHints":{"allow":["GET"]}}],"collection":[{"href":"https:\/\/www.europesays.com\/se\/wp-json\/wp\/v2\/posts"}],"about":[{"href":"https:\/\/www.europesays.com\/se\/wp-json\/wp\/v2\/types\/post"}],"author":[{"embeddable":true,"href":"https:\/\/www.europesays.com\/se\/wp-json\/wp\/v2\/users\/2"}],"replies":[{"embeddable":true,"href":"https:\/\/www.europesays.com\/se\/wp-json\/wp\/v2\/comments?post=103503"}],"version-history":[{"count":0,"href":"https:\/\/www.europesays.com\/se\/wp-json\/wp\/v2\/posts\/103503\/revisions"}],"wp:featuredmedia":[{"embeddable":true,"href":"https:\/\/www.europesays.com\/se\/wp-json\/wp\/v2\/media\/103504"}],"wp:attachment":[{"href":"https:\/\/www.europesays.com\/se\/wp-json\/wp\/v2\/media?parent=103503"}],"wp:term":[{"taxonomy":"category","embeddable":true,"href":"https:\/\/www.europesays.com\/se\/wp-json\/wp\/v2\/categories?post=103503"},{"taxonomy":"post_tag","embeddable":true,"href":"https:\/\/www.europesays.com\/se\/wp-json\/wp\/v2\/tags?post=103503"}],"curies":[{"name":"wp","href":"https:\/\/api.w.org\/{rel}","templated":true}]}}