{"id":103507,"date":"2025-12-12T08:42:14","date_gmt":"2025-12-12T08:42:14","guid":{"rendered":"https:\/\/www.europesays.com\/se\/103507\/"},"modified":"2025-12-12T08:42:14","modified_gmt":"2025-12-12T08:42:14","slug":"ommar-sa-mycket-mora-tidning","status":"publish","type":"post","link":"https:\/\/www.europesays.com\/se\/103507\/","title":{"rendered":"\u201d\u00d6mmar s\u00e5 mycket\u201d \u2013 Mora Tidning"},"content":{"rendered":"<p>Ett v\u00e4xande problem \u00e4r antalet unga som blir s\u00e5 kallade hemmasittare. <\/p>\n<p>Men n\u00e5gon som i flera \u00e5r har hj\u00e4lpt unga vuxna att hitta tillbaka till studier eller arbete \u00e4r Sandra Larsen. Hon har haft flera projektanst\u00e4llningar i Mora p\u00e5 temat. <\/p>\n<p>\u2013 Jag \u00f6mmar s\u00e5 mycket f\u00f6r den m\u00e5lgruppen, s\u00e4ger Sandra, som nu vill se en gemensam och permanent insats i norra Dalarna.<\/p>\n<p><img loading=\"lazy\" decoding=\"async\" width=\"980\" height=\"551\" class=\"article-image article-image--featured\" alt=\"Sandra Larsen inne p\u00e5 Mora folkh\u00f6gskola d\u00e4r man i dagarna fyra skulle h\u00e5lla i kurser (\u00f6ver tv\u00e5 veckor). \" src=\"https:\/\/www.europesays.com\/se\/wp-content\/uploads\/2025\/12\/bbc3734b-ae1c-4f70-8e13-167ba4f864a4.jpeg\"  \/><a class=\"article__lightbox-link\" href=\"https:\/\/static.bonniernews.se\/ba\/bbc3734b-ae1c-4f70-8e13-167ba4f864a4.jpeg?crop=8256%2C4644%2Cx0%2Cy493&amp;width=1400&amp;format=pjpg&amp;auto=avif\" data-pswp-width=\"1400\" data-pswp-height=\"788\" data-pswp-caption=\"Sandra Larsen inne p\u00e5 Mora folkh\u00f6gskola d\u00e4r man i dagarna fyra skulle h\u00e5lla i kurser (\u00f6ver tv\u00e5 veckor).  Bild: Stefan R\u00e4mg\u00e5rd \u00d6stlund\" data-pswp- rel=\"nofollow noopener\" target=\"_blank\">\u00d6ppna bild i helsk\u00e4rmsl\u00e4ge<\/a><\/p>\n<p class=\"txt-style-muted\" aria-hidden=\"true\">Sandra Larsen inne p\u00e5 Mora folkh\u00f6gskola d\u00e4r man i dagarna fyra skulle h\u00e5lla i kurser (\u00f6ver tv\u00e5 veckor). <\/p>\n<p class=\"article__figcaption-attribution txt-style-muted\">Bild: Stefan R\u00e4mg\u00e5rd \u00d6stlund<\/p>\n<p>Ett stort och v\u00e4xande problem i dag \u00e4r s\u00e5 kallade hemmasittare. Det \u00e4r ungdomar och unga vuxna i \u00e5ldern 16-29 \u00e5r som varken arbetar eller studerar. N\u00e5gon som i flera \u00e5r har jobbat med denna m\u00e5lgrupp \u00e4r Sandra Larsen. <\/p>\n<p>Tekniskt fel<\/p>\n<p class=\"message__text txt-ui txt-ui-2\">V\u00e4nligen f\u00f6rs\u00f6k igen senare.<\/p>\n<p>Den h\u00e4r artikeln \u00e4r bara f\u00f6r prenumeranter<\/p>\n<p class=\"txt-body txt-body-1\">Om du redan \u00e4r prenumerant: logga in!<\/p>\n","protected":false},"excerpt":{"rendered":"Ett v\u00e4xande problem \u00e4r antalet unga som blir s\u00e5 kallade hemmasittare. Men n\u00e5gon som i flera \u00e5r har&hellip;\n","protected":false},"author":2,"featured_media":103508,"comment_status":"","ping_status":"","sticky":false,"template":"","format":"standard","meta":{"footnotes":""},"categories":[65],"tags":[72,70,71,34,31,33,32,30],"class_list":{"0":"post-103507","1":"post","2":"type-post","3":"status-publish","4":"format-standard","5":"has-post-thumbnail","7":"category-ekonomi","8":"tag-business","9":"tag-economy","10":"tag-ekonomi","11":"tag-se","12":"tag-svenska","13":"tag-sverige","14":"tag-sweden","15":"tag-swedish"},"share_on_mastodon":{"url":"https:\/\/pubeurope.com\/@se\/115705711754711563","error":""},"_links":{"self":[{"href":"https:\/\/www.europesays.com\/se\/wp-json\/wp\/v2\/posts\/103507","targetHints":{"allow":["GET"]}}],"collection":[{"href":"https:\/\/www.europesays.com\/se\/wp-json\/wp\/v2\/posts"}],"about":[{"href":"https:\/\/www.europesays.com\/se\/wp-json\/wp\/v2\/types\/post"}],"author":[{"embeddable":true,"href":"https:\/\/www.europesays.com\/se\/wp-json\/wp\/v2\/users\/2"}],"replies":[{"embeddable":true,"href":"https:\/\/www.europesays.com\/se\/wp-json\/wp\/v2\/comments?post=103507"}],"version-history":[{"count":0,"href":"https:\/\/www.europesays.com\/se\/wp-json\/wp\/v2\/posts\/103507\/revisions"}],"wp:featuredmedia":[{"embeddable":true,"href":"https:\/\/www.europesays.com\/se\/wp-json\/wp\/v2\/media\/103508"}],"wp:attachment":[{"href":"https:\/\/www.europesays.com\/se\/wp-json\/wp\/v2\/media?parent=103507"}],"wp:term":[{"taxonomy":"category","embeddable":true,"href":"https:\/\/www.europesays.com\/se\/wp-json\/wp\/v2\/categories?post=103507"},{"taxonomy":"post_tag","embeddable":true,"href":"https:\/\/www.europesays.com\/se\/wp-json\/wp\/v2\/tags?post=103507"}],"curies":[{"name":"wp","href":"https:\/\/api.w.org\/{rel}","templated":true}]}}