{"id":103514,"date":"2025-12-12T08:50:08","date_gmt":"2025-12-12T08:50:08","guid":{"rendered":"https:\/\/www.europesays.com\/se\/103514\/"},"modified":"2025-12-12T08:50:08","modified_gmt":"2025-12-12T08:50:08","slug":"boverkets-byggprognos-bostadsbyggandet-vander-uppat-2","status":"publish","type":"post","link":"https:\/\/www.europesays.com\/se\/103514\/","title":{"rendered":"Boverkets byggprognos: Bostadsbyggandet v\u00e4nder upp\u00e5t"},"content":{"rendered":"<p><strong>Boverkets byggprognos fr\u00e5n december 2025 visar att bostadsbyggandet v\u00e4ntas \u00f6ka fram\u00f6ver. F\u00f6rklaringen \u00e4r bland annat f\u00f6rb\u00e4ttrad ekonomi f\u00f6r hush\u00e5llen och mer stabila marknadsf\u00f6ruts\u00e4ttningar.<\/strong><\/p>\n<p>Diagram \u00f6ver antal p\u00e5b\u00f6rjade och f\u00e4rdigst\u00e4llda bost\u00e4der 2010\u20132024 samt Boverkets prognos 2025\u20132027.<br \/>K\u00e4lla: Boverket<\/p>\n<p>\u2013 Efter flera \u00e5rs turbulens p\u00e5 bostadsmarknaden \u00e4r det v\u00e4lkommet med stabilare f\u00f6ruts\u00e4ttningar. Visar det sig att marknaden m\u00e4ktar med runt 35 000 bost\u00e4der \u00e5rligen inneb\u00e4r det dock att vi \u00e4nd\u00e5 beh\u00f6ver forts\u00e4tta arbeta f\u00f6r en bostadsmarknad som \u00e4r tillg\u00e4nglig f\u00f6r alla, s\u00e4ger Anders Sjelvgren, generaldirekt\u00f6r p\u00e5 Boverket.<\/p>\n<p>Enligt Boverkets bed\u00f6mning p\u00e5b\u00f6rjas cirka 32 000 bost\u00e4der under 2025, varav omkring 30 000 genom nybyggnad och 2 000 genom ombyggnader. Det \u00e4r fler \u00e4n \u00e5ret innan. Prognosen pekar p\u00e5 att byggandet forts\u00e4tter att \u00f6ka under de kommande tv\u00e5 \u00e5ren, med cirka 35 000 p\u00e5b\u00f6rjade bost\u00e4der under 2026 och cirka 37 000 under 2027.<\/p>\n<p>\u2013 Bostadsbyggandet under andra halvan av 2025 har varit starkare \u00e4n vad vi trodde i v\u00e5r prognos fr\u00e5n i somras. Det medf\u00f6r att vi ser en ljusning i tunneln f\u00f6r bostadsbyggandet, men det \u00e4r snarare en ficklampa \u00e4n en str\u00e5lkastare, s\u00e4ger Oskar Gramstad, nationalekonom p\u00e5 Boverket.<\/p>\n<p>Boverket pekar p\u00e5 flera faktorer bakom utvecklingen:<\/p>\n<ul>\n<li><strong>F\u00f6rb\u00e4ttrad ekonomi f\u00f6r hush\u00e5llen:<\/strong> L\u00e4gre r\u00e4ntekostnader och en gradvis \u00e5terh\u00e4mtning av k\u00f6pkraften ger b\u00e4ttre f\u00f6ruts\u00e4ttningar att efterfr\u00e5ga bost\u00e4der.<\/li>\n<li><strong>Stabilare marknadsf\u00f6rh\u00e5llanden:<\/strong> Trots en fortsatt os\u00e4ker omv\u00e4rld bed\u00f6ms marknaden vara mer stabil, vilket p\u00e5verkar b\u00e5de bostadsk\u00f6pare och bostadsutvecklare.<\/li>\n<li><strong>F\u00f6r\u00e4ndringar p\u00e5 andrahandsmarknaden:<\/strong> Det finns tecken p\u00e5 att utbudet av bost\u00e4der p\u00e5 andrahandsmarknaden minskar, vilket kan \u00f6ka intresset f\u00f6r nyproduktion.<\/li>\n<\/ul>\n<p>\u00c4ven f\u00e4rdigst\u00e4llandet \u00f6kar<\/p>\n<p>Efter flera \u00e5r med f\u00e4rre p\u00e5b\u00f6rjade bost\u00e4der har \u00e4ven antalet f\u00e4rdigst\u00e4llda bost\u00e4der minskat. Enligt prognosen n\u00e5r f\u00e4rdigst\u00e4llandet en l\u00e4gsta niv\u00e5 p\u00e5 cirka 30 000 bost\u00e4der under 2025 och 2026. D\u00e4refter v\u00e4ntas antalet \u00f6ka till omkring 33 000 f\u00e4rdigst\u00e4llda bost\u00e4der under 2027.<\/p>\n","protected":false},"excerpt":{"rendered":"Boverkets byggprognos fr\u00e5n december 2025 visar att bostadsbyggandet v\u00e4ntas \u00f6ka fram\u00f6ver. F\u00f6rklaringen \u00e4r bland annat f\u00f6rb\u00e4ttrad ekonomi f\u00f6r&hellip;\n","protected":false},"author":2,"featured_media":103515,"comment_status":"","ping_status":"","sticky":false,"template":"","format":"standard","meta":{"footnotes":""},"categories":[65],"tags":[72,70,71,34,31,33,32,30],"class_list":{"0":"post-103514","1":"post","2":"type-post","3":"status-publish","4":"format-standard","5":"has-post-thumbnail","7":"category-ekonomi","8":"tag-business","9":"tag-economy","10":"tag-ekonomi","11":"tag-se","12":"tag-svenska","13":"tag-sverige","14":"tag-sweden","15":"tag-swedish"},"share_on_mastodon":{"url":"https:\/\/pubeurope.com\/@se\/115705742813072883","error":""},"_links":{"self":[{"href":"https:\/\/www.europesays.com\/se\/wp-json\/wp\/v2\/posts\/103514","targetHints":{"allow":["GET"]}}],"collection":[{"href":"https:\/\/www.europesays.com\/se\/wp-json\/wp\/v2\/posts"}],"about":[{"href":"https:\/\/www.europesays.com\/se\/wp-json\/wp\/v2\/types\/post"}],"author":[{"embeddable":true,"href":"https:\/\/www.europesays.com\/se\/wp-json\/wp\/v2\/users\/2"}],"replies":[{"embeddable":true,"href":"https:\/\/www.europesays.com\/se\/wp-json\/wp\/v2\/comments?post=103514"}],"version-history":[{"count":0,"href":"https:\/\/www.europesays.com\/se\/wp-json\/wp\/v2\/posts\/103514\/revisions"}],"wp:featuredmedia":[{"embeddable":true,"href":"https:\/\/www.europesays.com\/se\/wp-json\/wp\/v2\/media\/103515"}],"wp:attachment":[{"href":"https:\/\/www.europesays.com\/se\/wp-json\/wp\/v2\/media?parent=103514"}],"wp:term":[{"taxonomy":"category","embeddable":true,"href":"https:\/\/www.europesays.com\/se\/wp-json\/wp\/v2\/categories?post=103514"},{"taxonomy":"post_tag","embeddable":true,"href":"https:\/\/www.europesays.com\/se\/wp-json\/wp\/v2\/tags?post=103514"}],"curies":[{"name":"wp","href":"https:\/\/api.w.org\/{rel}","templated":true}]}}