{"id":103557,"date":"2025-12-12T09:32:09","date_gmt":"2025-12-12T09:32:09","guid":{"rendered":"https:\/\/www.europesays.com\/se\/103557\/"},"modified":"2025-12-12T09:32:09","modified_gmt":"2025-12-12T09:32:09","slug":"expressen-direkt-senaste-nytt-i-korthet-987","status":"publish","type":"post","link":"https:\/\/www.europesays.com\/se\/103557\/","title":{"rendered":"Expressen Direkt \u2013 senaste nytt i korthet"},"content":{"rendered":"<p>Uppgifter: Trumps plan ska f\u00e5 fyra l\u00e4nder att l\u00e4mna EU<\/p>\n<p>Donald Trump vill \u00f6vertyga fyra l\u00e4nder att l\u00e4mna EU \u2013 f\u00f6r att \u201dMake Europe Great Again\u201d.\u00a0<\/p>\n<p>Det framg\u00e5r av en l\u00e4ckt, l\u00e4ngre version av USA:s nya s\u00e4kerhetsstrategi.<\/p>\n<p>Vita huset f\u00f6rnekar att det finns n\u00e5gon hemlig version.<\/p>\n<p>F\u00f6r att uppn\u00e5 detta vill de \u201dst\u00f6dja partier, r\u00f6relser samt intellektuella och kulturella akt\u00f6rer som verkar f\u00f6r suver\u00e4nitet och bevarande\/\u00e5terst\u00e4llande av traditionella europeiska levnadss\u00e4tt \u2026 samtidigt som de f\u00f6rblir proamerikanska\u201d.<\/p>\n<p>L\u00e4s mer:\u00a0<\/p>\n<p><a href=\"https:\/\/www.expressen.se\/nyheter\/varlden\/uppgifter-trumps-plan-ska-fa-fyra-lander-att-lamna-eu\/\" target=\"_top\" rel=\"nofollow noopener\">Uppgifter: Trumps plan ska f\u00e5 fyra l\u00e4nder att l\u00e4mna EU<\/a><\/p>\n<p>Misst\u00e4nkt m\u00f6rdare d\u00f6k upp i r\u00e4ttssalen<\/p>\n<p>Under torsdagen d\u00f6k Tyler Robinson, 22, upp i r\u00e4ttssalen f\u00f6r f\u00f6rsta g\u00e5ngen.\u00a0<\/p>\n<p>Han misst\u00e4nks vara skytten som m\u00f6rdade den politiska aktivisten Charlie Kirk under dennes scenframtr\u00e4dande i Utah i september.\u00a0<\/p>\n<p>\u2013 Jag har inget att s\u00e4ga dig. Du m\u00f6rdade min make, s\u00e4ger \u00e4nkan Erika Kirk, 37, till Fox News.\u00a0<\/p>\n<p>I bevisdokument som l\u00e4mnats till r\u00e4tten uppges det att Robinson har erk\u00e4nt d\u00e5det och det finns \u00e4ven DNA-sp\u00e5r som knyter honom till gev\u00e4ret och till hylsor \u2013 som hade ingraverade memes.\u00a0<\/p>\n<p>L\u00e4s mer:\u00a0<\/p>\n<p><a href=\"https:\/\/www.expressen.se\/nyheter\/varlden\/misstankt-mordare-dok-upp-i-rattssalen\/\" target=\"_top\" rel=\"nofollow noopener\">Misst\u00e4nkt m\u00f6rdare d\u00f6k upp i r\u00e4ttssalen<\/a><\/p>\n<p>Kryptokung d\u00f6ms \u2013 370 miljarder gick upp i r\u00f6k<\/p>\n<p>F\u00f6retaget han stod bakom gav sken av att deras kryptovaluta var stabil. Men sedan kom kraschen och motsvarande 370 miljarder kronor utraderas.\u00a0<\/p>\n<p>Nu d\u00f6ms kryptoentrepren\u00f6ren Do Kwon till 15 \u00e5rs f\u00e4ngelse av en domstol i New York.<\/p>\n<p>Do Kwon greps i Montenegro i mars 2023 n\u00e4r han f\u00f6rs\u00f6kte g\u00e5 p\u00e5 ett flygplan med falska resehandlingar och utl\u00e4mnades till USA i december f\u00f6rra \u00e5ret.<\/p>\n<p>L\u00e4s mer:\u00a0<\/p>\n<p><a href=\"https:\/\/www.expressen.se\/ekonomi\/aktier-och-bors\/kryptokung-doms-370-miljarder-gick-upp-i-rok\/\" target=\"_top\" rel=\"nofollow noopener\">Kryptokung d\u00f6ms \u2013 370 miljarder gick upp i r\u00f6k<\/a><\/p>\n","protected":false},"excerpt":{"rendered":"Uppgifter: Trumps plan ska f\u00e5 fyra l\u00e4nder att l\u00e4mna EU Donald Trump vill \u00f6vertyga fyra l\u00e4nder att l\u00e4mna&hellip;\n","protected":false},"author":2,"featured_media":39,"comment_status":"","ping_status":"","sticky":false,"template":"","format":"standard","meta":{"footnotes":""},"categories":[14],"tags":[22,23,26,27,35,17,21,24,25,28,29,15,16,18,34,31,33,32,30,19,20,51,52,53,54],"class_list":{"0":"post-103557","1":"post","2":"type-post","3":"status-publish","4":"format-standard","5":"has-post-thumbnail","7":"category-varlden","8":"tag-breaking-news","9":"tag-breakingnews","10":"tag-featured-news","11":"tag-featurednews","12":"tag-function-ta-bort-ai-rost","13":"tag-headlines","14":"tag-huvudnyheter","15":"tag-latest-news","16":"tag-latestnews","17":"tag-main-news","18":"tag-mainnews","19":"tag-news","20":"tag-nyheter","21":"tag-rubriker","22":"tag-se","23":"tag-svenska","24":"tag-sverige","25":"tag-sweden","26":"tag-swedish","27":"tag-top-stories","28":"tag-topstories","29":"tag-varlden","30":"tag-world","31":"tag-world-news","32":"tag-worldnews"},"share_on_mastodon":{"url":"https:\/\/pubeurope.com\/@se\/115705908000984428","error":""},"_links":{"self":[{"href":"https:\/\/www.europesays.com\/se\/wp-json\/wp\/v2\/posts\/103557","targetHints":{"allow":["GET"]}}],"collection":[{"href":"https:\/\/www.europesays.com\/se\/wp-json\/wp\/v2\/posts"}],"about":[{"href":"https:\/\/www.europesays.com\/se\/wp-json\/wp\/v2\/types\/post"}],"author":[{"embeddable":true,"href":"https:\/\/www.europesays.com\/se\/wp-json\/wp\/v2\/users\/2"}],"replies":[{"embeddable":true,"href":"https:\/\/www.europesays.com\/se\/wp-json\/wp\/v2\/comments?post=103557"}],"version-history":[{"count":0,"href":"https:\/\/www.europesays.com\/se\/wp-json\/wp\/v2\/posts\/103557\/revisions"}],"wp:featuredmedia":[{"embeddable":true,"href":"https:\/\/www.europesays.com\/se\/wp-json\/wp\/v2\/media\/39"}],"wp:attachment":[{"href":"https:\/\/www.europesays.com\/se\/wp-json\/wp\/v2\/media?parent=103557"}],"wp:term":[{"taxonomy":"category","embeddable":true,"href":"https:\/\/www.europesays.com\/se\/wp-json\/wp\/v2\/categories?post=103557"},{"taxonomy":"post_tag","embeddable":true,"href":"https:\/\/www.europesays.com\/se\/wp-json\/wp\/v2\/tags?post=103557"}],"curies":[{"name":"wp","href":"https:\/\/api.w.org\/{rel}","templated":true}]}}