{"id":103605,"date":"2025-12-12T10:16:07","date_gmt":"2025-12-12T10:16:07","guid":{"rendered":"https:\/\/www.europesays.com\/se\/103605\/"},"modified":"2025-12-12T10:16:07","modified_gmt":"2025-12-12T10:16:07","slug":"arne-slot-om-salah-far-se-hur-det-blir-premier-league","status":"publish","type":"post","link":"https:\/\/www.europesays.com\/se\/103605\/","title":{"rendered":"Arne Slot om Salah: \u201dF\u00e5r se hur det blir\u201d | Premier League"},"content":{"rendered":"<p>Publicerad 12 dec 2025 kl 10.57Uppdaterad kl 11.09<\/p>\n<p>Brighton v\u00e4ntar i n\u00e4sta Premier League-omg\u00e5ng.<\/p>\n<p>Men f\u00f6r Arne Slot kom presskonferensen inf\u00f6r matchen att handla mest om Mohamed Salah-situationen.<\/p>\n<p>\u2013 Vi ska prata med varandra nu p\u00e5 morgonen och s\u00e5 f\u00e5r vi se hur det blir, s\u00e4ger tr\u00e4naren p\u00e5 fr\u00e5gan om stj\u00e4rnan \u00e4r aktuell f\u00f6r spel.<\/p>\n<p><img   alt=\"\"\/> <\/p>\n<p>Foto: Peter Byrne \/ STELLA Pictures<\/p>\n<p>\u00d6ppna bild i helsk\u00e4rm<\/p>\n<p><a href=\"https:\/\/www.expressen.se\/tagg\/person\/mohamed-salah\/\" class=\"\" rel=\"nofollow noopener\" target=\"_blank\">Mohamed Salah<\/a> b\u00e4nkades f\u00f6r tredje matchen i rad och visade tydligt sin besvikelse.\u00a0<\/p>\n<p>\u2013 Det k\u00e4nns som att klubben har kastat mig under bussen, sade han.<\/p>\n<p>Utspelet resulterade i att 33-\u00e5ringen inte fick plats i truppen till Champions League-m\u00f6tet med Inter. Nu \u00e4r fr\u00e5gan om han \u00e4r tillbaka till l\u00f6rdagens ligam\u00f6te med Brighton.<\/p>\n<p>Tr\u00e4naren Arne Slot s\u00e4ger att ett m\u00f6te med spelaren avg\u00f6r hur det blir, samtidigt som han undviker att svara p\u00e5 alla fr\u00e5gor i \u00e4mnet.<\/p>\n<p>\u2013 Ni kan f\u00f6rs\u00f6ka p\u00e5 flera olika s\u00e4tt men n\u00e4sta g\u00e5ng jag pratar om \u201dMo\u201d s\u00e5 ska det vara med honom.<\/p>\n<p>P\u00e5 fr\u00e5gan om han vill att Salah stannar i klubben s\u00e4ger han:<\/p>\n<p>\u2013 Det d\u00e4r \u00e4r bara ett annat s\u00e4tt fr\u00e5ga om det h\u00e4r&#8230; Men jag har inga anledningar till att inte vilja att han stannar.<\/p>\n<p>Premier League-m\u00e4staren har haft en tung start p\u00e5 s\u00e4songen och \u00e4r bara p\u00e5 tionde plats i tabellen efter 15 omg\u00e5ngar. \u00a0<\/p>\n","protected":false},"excerpt":{"rendered":"Publicerad 12 dec 2025 kl 10.57Uppdaterad kl 11.09 Brighton v\u00e4ntar i n\u00e4sta Premier League-omg\u00e5ng. Men f\u00f6r Arne Slot&hellip;\n","protected":false},"author":2,"featured_media":103606,"comment_status":"","ping_status":"","sticky":false,"template":"","format":"standard","meta":{"footnotes":""},"categories":[68],"tags":[246,570,34,129,242,111,110,31,33,32,30],"class_list":{"0":"post-103605","1":"post","2":"type-post","3":"status-publish","4":"format-standard","5":"has-post-thumbnail","7":"category-sport","8":"tag-organization-liverpool-fc","9":"tag-person-mohamed-salah","10":"tag-se","11":"tag-sections-fotboll","12":"tag-sections-premierleague","13":"tag-sport","14":"tag-sports","15":"tag-svenska","16":"tag-sverige","17":"tag-sweden","18":"tag-swedish"},"share_on_mastodon":{"url":"https:\/\/pubeurope.com\/@se\/115706081132645003","error":""},"_links":{"self":[{"href":"https:\/\/www.europesays.com\/se\/wp-json\/wp\/v2\/posts\/103605","targetHints":{"allow":["GET"]}}],"collection":[{"href":"https:\/\/www.europesays.com\/se\/wp-json\/wp\/v2\/posts"}],"about":[{"href":"https:\/\/www.europesays.com\/se\/wp-json\/wp\/v2\/types\/post"}],"author":[{"embeddable":true,"href":"https:\/\/www.europesays.com\/se\/wp-json\/wp\/v2\/users\/2"}],"replies":[{"embeddable":true,"href":"https:\/\/www.europesays.com\/se\/wp-json\/wp\/v2\/comments?post=103605"}],"version-history":[{"count":0,"href":"https:\/\/www.europesays.com\/se\/wp-json\/wp\/v2\/posts\/103605\/revisions"}],"wp:featuredmedia":[{"embeddable":true,"href":"https:\/\/www.europesays.com\/se\/wp-json\/wp\/v2\/media\/103606"}],"wp:attachment":[{"href":"https:\/\/www.europesays.com\/se\/wp-json\/wp\/v2\/media?parent=103605"}],"wp:term":[{"taxonomy":"category","embeddable":true,"href":"https:\/\/www.europesays.com\/se\/wp-json\/wp\/v2\/categories?post=103605"},{"taxonomy":"post_tag","embeddable":true,"href":"https:\/\/www.europesays.com\/se\/wp-json\/wp\/v2\/tags?post=103605"}],"curies":[{"name":"wp","href":"https:\/\/api.w.org\/{rel}","templated":true}]}}